{"id":55673,"date":"2018-01-18T14:27:32","date_gmt":"2018-01-18T14:27:32","guid":{"rendered":"http:\/\/plazajuarez.mx\/index\/index.php\/2018\/01\/18\/casi-3-mil-trabajadores-capacitados-en-el-curso-de-ser-imss-estatal\/"},"modified":"2018-01-18T14:27:32","modified_gmt":"2018-01-18T14:27:32","slug":"casi-3-mil-trabajadores-capacitados-en-el-curso-de-ser-imss-estatal","status":"publish","type":"post","link":"https:\/\/plazajuarez.mx\/historico\/casi-3-mil-trabajadores-capacitados-en-el-curso-de-ser-imss-estatal\/","title":{"rendered":"CASI 3 MIL TRABAJADORES CAPACITADOS EN EL CURSO DE SER IMSS ESTATAL"},"content":{"rendered":"<p>Se llev\u00f3 a cabo la inauguraci\u00f3n del primer curso del a\u00f1o de buen trato \u201cSER IMSS\u201d en el Centro de Capacitaci\u00f3n y Calidad (Cedecyc) de Hidalgo del Instituto Mexicano del Seguro Social (IMSS), con el objetivo de que todos los trabajadores contin\u00faen aprendiendo m\u00e1s y para que el personal se desarrolle potencialmente<\/p>\n<p>  <!--more-->  <\/p>\n<p>Fue presidida por la delegada, Mar\u00eda de Lourdes Osorio Chong; el l\u00edder del \u00a0Sindicato Nacional de los Trabajadores del Seguro Social (SNTSS), Jaime Vel\u00e1zquez Zaleta; la directora de Centro de Capacitaci\u00f3n, Lucia Acosta Garc\u00eda; directores de los Hospitales Generales de Zona con Medicina Familiar, Cuerpo de Gobierno delegacional y los capacitadores del Centro. <\/p>\n<p>\u201cSer emp\u00e1ticos con lo que sucede a nuestro alrededor es de importancia, ya que al ser servidores de salud es necesario saber y cubrir necesidades de los derechohabientes, por eso la importancia de una capacitaci\u00f3n para tener un trato de calidad\u201d resalt\u00f3 la delegada \u00a0del IMSS. <\/p>\n<p>El \u00a0generar un buen ambiente tanto interno como externo en la Instituci\u00f3n es esencial para el IMSS, ya que permite al trabajador llevar una forma diferente del buen trato tanto para los trabajadores como para los derechohabientes. <\/p>\n","protected":false},"excerpt":{"rendered":"<p>Se llev\u00f3 a cabo la inauguraci\u00f3n del primer curso del a\u00f1o de buen trato \u201cSER IMSS\u201d en el Centro de Capacitaci\u00f3n y Calidad (Cedecyc) de Hidalgo del Instituto Mexicano del Seguro Social (IMSS), con el objetivo de que todos los trabajadores contin\u00faen aprendiendo m\u00e1s y para que el personal se desarrolle potencialmente<\/p>\n","protected":false},"author":93,"featured_media":0,"comment_status":"open","ping_status":"open","sticky":false,"template":"","format":"standard","meta":{"footnotes":""},"categories":[59],"tags":[],"class_list":["post-55673","post","type-post","status-publish","format-standard","hentry","category-general"],"_links":{"self":[{"href":"https:\/\/plazajuarez.mx\/historico\/wp-json\/wp\/v2\/posts\/55673","targetHints":{"allow":["GET"]}}],"collection":[{"href":"https:\/\/plazajuarez.mx\/historico\/wp-json\/wp\/v2\/posts"}],"about":[{"href":"https:\/\/plazajuarez.mx\/historico\/wp-json\/wp\/v2\/types\/post"}],"author":[{"embeddable":true,"href":"https:\/\/plazajuarez.mx\/historico\/wp-json\/wp\/v2\/users\/93"}],"replies":[{"embeddable":true,"href":"https:\/\/plazajuarez.mx\/historico\/wp-json\/wp\/v2\/comments?post=55673"}],"version-history":[{"count":0,"href":"https:\/\/plazajuarez.mx\/historico\/wp-json\/wp\/v2\/posts\/55673\/revisions"}],"wp:attachment":[{"href":"https:\/\/plazajuarez.mx\/historico\/wp-json\/wp\/v2\/media?parent=55673"}],"wp:term":[{"taxonomy":"category","embeddable":true,"href":"https:\/\/plazajuarez.mx\/historico\/wp-json\/wp\/v2\/categories?post=55673"},{"taxonomy":"post_tag","embeddable":true,"href":"https:\/\/plazajuarez.mx\/historico\/wp-json\/wp\/v2\/tags?post=55673"}],"curies":[{"name":"wp","href":"https:\/\/api.w.org\/{rel}","templated":true}]}}