{"id":55672,"date":"2018-01-18T14:25:55","date_gmt":"2018-01-18T14:25:55","guid":{"rendered":"http:\/\/plazajuarez.mx\/index\/index.php\/2018\/01\/18\/indispensable-un-mapeo-especifico-para-conocer-necesidades-culturales\/"},"modified":"2018-01-18T14:25:55","modified_gmt":"2018-01-18T14:25:55","slug":"indispensable-un-mapeo-especifico-para-conocer-necesidades-culturales","status":"publish","type":"post","link":"https:\/\/plazajuarez.mx\/historico\/indispensable-un-mapeo-especifico-para-conocer-necesidades-culturales\/","title":{"rendered":"Indispensable un mapeo espec\u00edfico para conocer necesidades culturales"},"content":{"rendered":"<p>DENTRO DE DI\u00c1LOGOS POR LA CULTURA <br \/>\u00a0\u00a0 \u00a0\u2022\u00a0\u00a0 \u00a0Experto se\u00f1ala que debe existir un mapeo para conocer las necesidades\u2028<\/p>\n<p>  <!--more-->  <\/p>\n<p>Desde el pasado 10 de enero, la Secretar\u00eda de Cultura realiza Di\u00e1logos por la Cultura, un espacio en donde especialistas generan propuestas encaminadas a una iniciativa de ley estatal de cultura. Durante el panel \u201cFinanciamiento a la cultura\u201d, el experto Gonzalo Roj\u00f3n dijo que se debe tener un mapeo espec\u00edfico para conocer las necesidades en el \u00e1mbito cultural del estado y saber c\u00f3mo aplicar un presupuesto. <br \/>Al respecto, el especialista dedicado al an\u00e1lisis de industrias culturales y creativas, dijo que con las actividades que ahora se realizan, son un buen inicio para mapear en d\u00f3nde se encuentran los artistas, lo qu\u00e9 hacen, los recursos con los que cuentan; as\u00ed como las necesidades que tienen, para as\u00ed con ello generar la Ley de Cultura y asimismo obtener m\u00e1s recursos y beneficios para el estado. <br \/>En su intervenci\u00f3n, el secretario de Cultura de Hidalgo, Olaf Hern\u00e1ndez S\u00e1nchez, se\u00f1al\u00f3 que respecto al tema de financiamiento a la cultura no es f\u00e1cil.<br \/>Asimismo, se\u00f1al\u00f3 que la ley de mecenazgo es un tema que a\u00fan hay que explorar, ya que merece un trabajo m\u00e1s preciso con las \u00e1reas de finanzas del gobierno estatal; en general, para lo cual continuar\u00e1n con la recepci\u00f3n de propuestas no s\u00f3lo de las que se recaben en los di\u00e1logos, sino en las redes sociales y los allegados a la Secretar\u00eda. <br \/>Cabe hacer menci\u00f3n, que los temas se desarrollan en la biblioteca central del estado Ricardo Garibay, donde los panelistas exponen estudios comparativos del marco normativo de protecci\u00f3n a los derechos culturales, en donde adem\u00e1s se cuenta con la participaci\u00f3n de la poblaci\u00f3n en general. <\/p>\n","protected":false},"excerpt":{"rendered":"<p>DENTRO DE DI\u00c1LOGOS POR LA CULTURA \u00a0\u00a0 \u00a0\u2022\u00a0\u00a0 \u00a0Experto se\u00f1ala que debe existir un mapeo para conocer las necesidades\u2028<\/p>\n","protected":false},"author":93,"featured_media":0,"comment_status":"open","ping_status":"open","sticky":false,"template":"","format":"standard","meta":{"footnotes":""},"categories":[59],"tags":[],"class_list":["post-55672","post","type-post","status-publish","format-standard","hentry","category-general"],"_links":{"self":[{"href":"https:\/\/plazajuarez.mx\/historico\/wp-json\/wp\/v2\/posts\/55672","targetHints":{"allow":["GET"]}}],"collection":[{"href":"https:\/\/plazajuarez.mx\/historico\/wp-json\/wp\/v2\/posts"}],"about":[{"href":"https:\/\/plazajuarez.mx\/historico\/wp-json\/wp\/v2\/types\/post"}],"author":[{"embeddable":true,"href":"https:\/\/plazajuarez.mx\/historico\/wp-json\/wp\/v2\/users\/93"}],"replies":[{"embeddable":true,"href":"https:\/\/plazajuarez.mx\/historico\/wp-json\/wp\/v2\/comments?post=55672"}],"version-history":[{"count":0,"href":"https:\/\/plazajuarez.mx\/historico\/wp-json\/wp\/v2\/posts\/55672\/revisions"}],"wp:attachment":[{"href":"https:\/\/plazajuarez.mx\/historico\/wp-json\/wp\/v2\/media?parent=55672"}],"wp:term":[{"taxonomy":"category","embeddable":true,"href":"https:\/\/plazajuarez.mx\/historico\/wp-json\/wp\/v2\/categories?post=55672"},{"taxonomy":"post_tag","embeddable":true,"href":"https:\/\/plazajuarez.mx\/historico\/wp-json\/wp\/v2\/tags?post=55672"}],"curies":[{"name":"wp","href":"https:\/\/api.w.org\/{rel}","templated":true}]}}