{"id":55397,"date":"2018-01-13T15:23:56","date_gmt":"2018-01-13T15:23:56","guid":{"rendered":"http:\/\/plazajuarez.mx\/index\/index.php\/2018\/01\/13\/stpsh-exhorta-a-no-emplear-a-menores-antes-de-los-15-anos\/"},"modified":"2018-01-13T15:23:56","modified_gmt":"2018-01-13T15:23:56","slug":"stpsh-exhorta-a-no-emplear-a-menores-antes-de-los-15-anos","status":"publish","type":"post","link":"https:\/\/plazajuarez.mx\/historico\/stpsh-exhorta-a-no-emplear-a-menores-antes-de-los-15-anos\/","title":{"rendered":"STPSH exhorta a no emplear a menores antes de los 15 a\u00f1os"},"content":{"rendered":"<p>La Ley Federal del Trabajo (LFT), establece que la edad m\u00ednima de admisi\u00f3n al empleo es de 15 a\u00f1os, mientras que el trabajo infantil se desarrolla al margen de la ley, por debajo de la edad m\u00ednima, inform\u00f3 la Secretar\u00eda del Trabajo y Previsi\u00f3n Social de Hidalgo (STPSH).<\/p>\n<p>  <!--more-->  <\/p>\n<p>El trabajo infantil se encuentra prohibido debido que produce efectos negativos para el desarrollo f\u00edsico, mental, psicol\u00f3gico y social de los menores de acuerdo con la Carta de Derechos Humanos y Laborales para Adolescentes en edad Permitida para Trabajar de la \u00a0Secretar\u00eda del Trabajo y Previsi\u00f3n Social.<\/p>\n<p>La ley castiga con prisi\u00f3n de uno a cuatro a\u00f1os a quienes ejerzan este tipo de pr\u00e1cticas y contempla una multa que asciende de 250 a 5 mil veces la Unidad de Medida y Actualizaci\u00f3n (UMA).<\/p>\n<p>La Carta de Derechos Humanos y Laborales para Adolescentes en edad Permitida para Trabajar, considera que existen actividades denominadas Trabajo Formativo el cual consta de acciones positivas como ayudar en las labores del hogar, asistir a un negocio familiar fuera de las horas de escuela y durante las vacaciones escolares, siempre en condiciones no peligrosas.<\/p>\n<p>Asimismo, la Ley considera Trabajo Permitido, a las actividades en las que participan adolescentes entre 15 y 17 a\u00f1os, es preciso aclarar que este tipo de actividades; no conllevan alg\u00fan riesgo o peligro y no violentan los derechos humanos y laborales. Son vigiladas y reguladas por las autoridades del trabajo locales y federales.<\/p>\n<p>Aquellos adolescentes que trabajan (entre 15 y 17 a\u00f1os de edad), cuentan con derechos laborales que deben cumplirse de manera estricta, entre las cuales destaca que su jornada laboral no podr\u00e1 exceder m\u00e1s de 6 horas diarias, mismas que deber\u00e1n dividirse en periodos m\u00e1ximos de 3 horas, con un reposo de una hora, seg\u00fan lo establecido en el art\u00edculo 123 constitucional, apartado A, fracci\u00f3n III y en el art\u00edculo 177 de la LFT.<\/p>\n","protected":false},"excerpt":{"rendered":"<p>La Ley Federal del Trabajo (LFT), establece que la edad m\u00ednima de admisi\u00f3n al empleo es de 15 a\u00f1os, mientras que el trabajo infantil se desarrolla al margen de la ley, por debajo de la edad m\u00ednima, inform\u00f3 la Secretar\u00eda del Trabajo y Previsi\u00f3n Social de Hidalgo (STPSH).<\/p>\n","protected":false},"author":3,"featured_media":0,"comment_status":"open","ping_status":"open","sticky":false,"template":"","format":"standard","meta":{"footnotes":""},"categories":[59],"tags":[],"class_list":["post-55397","post","type-post","status-publish","format-standard","hentry","category-general"],"_links":{"self":[{"href":"https:\/\/plazajuarez.mx\/historico\/wp-json\/wp\/v2\/posts\/55397","targetHints":{"allow":["GET"]}}],"collection":[{"href":"https:\/\/plazajuarez.mx\/historico\/wp-json\/wp\/v2\/posts"}],"about":[{"href":"https:\/\/plazajuarez.mx\/historico\/wp-json\/wp\/v2\/types\/post"}],"author":[{"embeddable":true,"href":"https:\/\/plazajuarez.mx\/historico\/wp-json\/wp\/v2\/users\/3"}],"replies":[{"embeddable":true,"href":"https:\/\/plazajuarez.mx\/historico\/wp-json\/wp\/v2\/comments?post=55397"}],"version-history":[{"count":0,"href":"https:\/\/plazajuarez.mx\/historico\/wp-json\/wp\/v2\/posts\/55397\/revisions"}],"wp:attachment":[{"href":"https:\/\/plazajuarez.mx\/historico\/wp-json\/wp\/v2\/media?parent=55397"}],"wp:term":[{"taxonomy":"category","embeddable":true,"href":"https:\/\/plazajuarez.mx\/historico\/wp-json\/wp\/v2\/categories?post=55397"},{"taxonomy":"post_tag","embeddable":true,"href":"https:\/\/plazajuarez.mx\/historico\/wp-json\/wp\/v2\/tags?post=55397"}],"curies":[{"name":"wp","href":"https:\/\/api.w.org\/{rel}","templated":true}]}}