{"id":547,"date":"2015-02-09T06:00:00","date_gmt":"2015-02-09T06:00:00","guid":{"rendered":"http:\/\/plazajuarez.mx\/index\/index.php\/2015\/02\/09\/plaza-juarez-celebro-sus-10-primeros-anos-2\/"},"modified":"2015-02-09T06:00:00","modified_gmt":"2015-02-09T06:00:00","slug":"plaza-juarez-celebro-sus-10-primeros-anos-2","status":"publish","type":"post","link":"https:\/\/plazajuarez.mx\/historico\/plaza-juarez-celebro-sus-10-primeros-anos-2\/","title":{"rendered":"Plaza Ju\u00e1rez celebr\u00f3  sus 10 primeros a\u00f1os"},"content":{"rendered":"<p>AMENA CONVIVENCIA<\/p>\n<ul>\n<li>Hans Islas Frausto extern\u00f3 a los directivos y trabajadores de Diario Plaza Ju\u00e1rez, la felicitaci\u00f3n del gobernador Francisco Olvera Ruiz<\/li>\n<li>El senador Omar Fayad, presente en el festejo, tambi\u00e9n reconoci\u00f3 la labor period\u00edstica desempe\u00f1ada por esta empresa <!--more--> <\/li>\n<\/ul>\n<p>Con la representaci\u00f3n del gobernador del estado Jos\u00e9 Francisco Olvera Ruiz, Hans Islas Frausto; y la presencia del senador Omar Fayad Meneses, los trabajadores y directivos del Diario Plaza Ju\u00e1rez celebramos el pasado s\u00e1bado en un conocido hotel pachuque\u00f1o los 10\u00a0 primeros a\u00f1os de existencia.<\/p>\n<p>\u00a0\u00a0\u00a0\u00a0\u00a0\u00a0\u00a0\u00a0\u00a0\u00a0\u00a0\u00a0\u00a0\u00a0\u00a0 Hans Islas Frausto extern\u00f3 a los directivos y trabajadores de Diario Plaza Ju\u00e1rez, la felicitaci\u00f3n del gobernador Olvera Ruiz, quien por cuestiones de agenda no pudo estar presente, pero quien a trav\u00e9s del conocido periodista hizo votos porque Plaza Ju\u00e1rez se mantenga como medio de comunicaci\u00f3n veraz, profesional y oportuno.<\/p>\n<p>\u00a0\u00a0\u00a0\u00a0\u00a0\u00a0\u00a0\u00a0\u00a0\u00a0\u00a0\u00a0\u00a0\u00a0\u00a0 El director del diario Mart\u00edn Peralta S\u00e1nchez, agradeci\u00f3 la presencia de Hans e hizo patente su reconocimiento al gobernador Olvera Ruiz por su preocupaci\u00f3n de que se garanticen las condiciones \u00f3ptimas para el trabajo cotidiano de los medios de comunicaci\u00f3n. Asimismo agradeci\u00f3 la amistad del mandatario demostrada a este diario a lo largo de los a\u00f1os.<\/p>\n<p>\u00a0\u00a0\u00a0\u00a0\u00a0\u00a0\u00a0\u00a0\u00a0\u00a0\u00a0\u00a0\u00a0\u00a0\u00a0 Tambi\u00e9n salud\u00f3 al senador Omar Fayad presente en la celebraci\u00f3n, quien por su parte se\u00f1al\u00f3 que el peri\u00f3dico Plaza Ju\u00e1rez se ha caracterizado por ser un medio de comunicaci\u00f3n serio y profesional con un punto de vista muy especial para tratar los temas noticiosos y por tener una planta de articulistas de primer nivel. Dijo que conoce a los directivos y en general a reporteros y administrativos desde hace muchos a\u00f1os y apunt\u00f3 que espera que estos diez a\u00f1os se conviertan en apenas un primer paso de una larga carrera.<\/p>\n<p>\u00a0\u00a0\u00a0\u00a0\u00a0\u00a0\u00a0\u00a0\u00a0\u00a0\u00a0\u00a0\u00a0\u00a0\u00a0 Y cuando las palabras terminaron vino la cena y los brindis para seguir con el bailongo con un excelente conjunto musical que toc\u00f3 todos los temas de Los <em>Angeles Azules<\/em>. Fue cuando los reporteros y reporteras, los de administrativo y circulaci\u00f3n, as\u00ed como el personal de seguridad \u201csacaron\u201d sus mejores pasos de baile. Las damas luc\u00edan esplendorosas y los caballeros gentiles.<\/p>\n<p>\u00a0\u00a0\u00a0\u00a0\u00a0\u00a0\u00a0\u00a0\u00a0\u00a0\u00a0\u00a0\u00a0\u00a0\u00a0 Todos nos deseamos muchos a\u00f1os de existencia y prometimos trabajar con m\u00e1s ah\u00ednco en bien de nuestras familias y de nuestra fuente de trabajo. Y cuando parec\u00eda que terminaba la fiesta, los reporteros volvieron a arremeter con m\u00e1s brindis y con m\u00e1s baile y pr\u00e1cticamente amanecieron hasta que el sal\u00f3n qued\u00f3 solo, pero las risas quedaron encerradas para siempre.<\/p>\n","protected":false},"excerpt":{"rendered":"<p>AMENA CONVIVENCIA Hans Islas Frausto extern\u00f3 a los directivos y trabajadores de Diario Plaza Ju\u00e1rez, la felicitaci\u00f3n del gobernador Francisco Olvera Ruiz El senador Omar Fayad, presente en el festejo, tambi\u00e9n reconoci\u00f3 la labor period\u00edstica desempe\u00f1ada por esta empresa<\/p>\n","protected":false},"author":93,"featured_media":0,"comment_status":"open","ping_status":"open","sticky":false,"template":"","format":"standard","meta":{"footnotes":""},"categories":[59],"tags":[],"class_list":["post-547","post","type-post","status-publish","format-standard","hentry","category-general"],"_links":{"self":[{"href":"https:\/\/plazajuarez.mx\/historico\/wp-json\/wp\/v2\/posts\/547","targetHints":{"allow":["GET"]}}],"collection":[{"href":"https:\/\/plazajuarez.mx\/historico\/wp-json\/wp\/v2\/posts"}],"about":[{"href":"https:\/\/plazajuarez.mx\/historico\/wp-json\/wp\/v2\/types\/post"}],"author":[{"embeddable":true,"href":"https:\/\/plazajuarez.mx\/historico\/wp-json\/wp\/v2\/users\/93"}],"replies":[{"embeddable":true,"href":"https:\/\/plazajuarez.mx\/historico\/wp-json\/wp\/v2\/comments?post=547"}],"version-history":[{"count":0,"href":"https:\/\/plazajuarez.mx\/historico\/wp-json\/wp\/v2\/posts\/547\/revisions"}],"wp:attachment":[{"href":"https:\/\/plazajuarez.mx\/historico\/wp-json\/wp\/v2\/media?parent=547"}],"wp:term":[{"taxonomy":"category","embeddable":true,"href":"https:\/\/plazajuarez.mx\/historico\/wp-json\/wp\/v2\/categories?post=547"},{"taxonomy":"post_tag","embeddable":true,"href":"https:\/\/plazajuarez.mx\/historico\/wp-json\/wp\/v2\/tags?post=547"}],"curies":[{"name":"wp","href":"https:\/\/api.w.org\/{rel}","templated":true}]}}