{"id":546,"date":"2015-02-09T06:00:00","date_gmt":"2015-02-09T06:00:00","guid":{"rendered":"http:\/\/plazajuarez.mx\/index\/index.php\/2015\/02\/09\/participa-hidalgo-en-debate-sobre-la-agenda-transformadora-de-desarrollo-post-2015-3\/"},"modified":"2015-02-09T06:00:00","modified_gmt":"2015-02-09T06:00:00","slug":"participa-hidalgo-en-debate-sobre-la-agenda-transformadora-de-desarrollo-post-2015-3","status":"publish","type":"post","link":"https:\/\/plazajuarez.mx\/historico\/participa-hidalgo-en-debate-sobre-la-agenda-transformadora-de-desarrollo-post-2015-3\/","title":{"rendered":"Participa Hidalgo en\u00a0 debate sobre la Agenda Transformadora de desarrollo Post 2015"},"content":{"rendered":"<p>EN EL CONGRESO LOCAL<\/p>\n<ul>\n<li>Ernesto Gil Elorduy, acudi\u00f3 por invitaci\u00f3n de la ONU <!--more--> <\/li>\n<\/ul>\n<p>El presidente de la Junta de Gobierno del Congreso Local del estado de Hidalgo,\u00a0 diputado Ernesto Gil Elorduy, acudi\u00f3 a la invitaci\u00f3n realizada por el presidente de la Asamblea General de las Naciones Unidas (ONU), Sam K. Kutesa, para participar en el Debate Tem\u00e1tico de Alto Nivel sobre los Medios de Implementaci\u00f3n para la Agenda Transformadora de Desarrollo Post 2015, que se lleva a cabo en la ciudad de Nueva York en Estados Unidos.<\/p>\n<p>\u00a0<\/p>\n<p>El diputado de la fracci\u00f3n del Partido Revolucionario Institucional (PRI), en calidad de presidente del Grupo Mundial de Parlamentarios para el H\u00e1bitat, participar\u00e1 con un discurso ante representantes mundiales dentro del panel denominado: El rol de los parlamentarios, ciudades y autoridades locales en la implementaci\u00f3n de la agenda de desarrollo post 2015.<\/p>\n<p>\u00a0<\/p>\n<p>De acuerdo a lo expuesto por el legislador, estos trabajos buscan consolidar de manera inclusiva los objetivos del desarrollo sustentable para los pr\u00f3ximos 20 a\u00f1os por lo que participar\u00e1n importantes personajes de la agenda internacional.<\/p>\n<p>\u00a0<\/p>\n<p>Entre estos destac\u00f3 al director de alianzas p\u00fablico-privadas del Grupo del Banco Mundial (WBG), Laurence Carter; el representante especial del Fondo Monetario Internacional (IMF), Bertuch Samuels; el director ejecutivo de H\u00e1bitat, Joan Clos; el presidente de la Uni\u00f3n Interparlamentaria, Saber Hossain Chowdhury; la ministra de Desarrollo y Cooperaci\u00f3n Internacional de Suecia, Isabella L\u00f6vin; y la ministra de Finanzas, Planeaci\u00f3n y Desarrollo de Uganda, Mar\u00eda Kiwanuka, entre otros, participan en los trabajos.<\/p>\n<p>\u00a0<\/p>\n<p>La reuni\u00f3n programada para hoy y ma\u00f1ana 9 y 10 de febrero da oportunidad para que los estados miembros e interlocutores de la ONU aborden temas de una renovada y reforzada sociedad global para el desarrollo sustentable. Tiene como objetivo abordar los problemas relacionados con la infraestructura y el papel de los parlamentarios, las ciudades y las autoridades locales en la implementaci\u00f3n de la agenda que regir\u00e1 las pr\u00f3ximas dos d\u00e9cadas.<\/p>\n","protected":false},"excerpt":{"rendered":"<p>EN EL CONGRESO LOCAL Ernesto Gil Elorduy, acudi\u00f3 por invitaci\u00f3n de la ONU<\/p>\n","protected":false},"author":93,"featured_media":0,"comment_status":"open","ping_status":"open","sticky":false,"template":"","format":"standard","meta":{"footnotes":""},"categories":[59],"tags":[],"class_list":["post-546","post","type-post","status-publish","format-standard","hentry","category-general"],"_links":{"self":[{"href":"https:\/\/plazajuarez.mx\/historico\/wp-json\/wp\/v2\/posts\/546","targetHints":{"allow":["GET"]}}],"collection":[{"href":"https:\/\/plazajuarez.mx\/historico\/wp-json\/wp\/v2\/posts"}],"about":[{"href":"https:\/\/plazajuarez.mx\/historico\/wp-json\/wp\/v2\/types\/post"}],"author":[{"embeddable":true,"href":"https:\/\/plazajuarez.mx\/historico\/wp-json\/wp\/v2\/users\/93"}],"replies":[{"embeddable":true,"href":"https:\/\/plazajuarez.mx\/historico\/wp-json\/wp\/v2\/comments?post=546"}],"version-history":[{"count":0,"href":"https:\/\/plazajuarez.mx\/historico\/wp-json\/wp\/v2\/posts\/546\/revisions"}],"wp:attachment":[{"href":"https:\/\/plazajuarez.mx\/historico\/wp-json\/wp\/v2\/media?parent=546"}],"wp:term":[{"taxonomy":"category","embeddable":true,"href":"https:\/\/plazajuarez.mx\/historico\/wp-json\/wp\/v2\/categories?post=546"},{"taxonomy":"post_tag","embeddable":true,"href":"https:\/\/plazajuarez.mx\/historico\/wp-json\/wp\/v2\/tags?post=546"}],"curies":[{"name":"wp","href":"https:\/\/api.w.org\/{rel}","templated":true}]}}