{"id":53200,"date":"2017-12-04T13:53:15","date_gmt":"2017-12-04T13:53:15","guid":{"rendered":"http:\/\/plazajuarez.mx\/index\/index.php\/2017\/12\/04\/a-proceso-siete-por-compra-de-trailer-robado\/"},"modified":"2017-12-04T13:53:15","modified_gmt":"2017-12-04T13:53:15","slug":"a-proceso-siete-por-compra-de-trailer-robado","status":"publish","type":"post","link":"https:\/\/plazajuarez.mx\/historico\/a-proceso-siete-por-compra-de-trailer-robado\/","title":{"rendered":"A PROCESO SIETE POR COMPRA DE TR\u00c1ILER ROBADO"},"content":{"rendered":"<p>TRANSPORTABA PRODUCTOS PERECEDEROS<\/p>\n<p>  <!--more-->  <\/p>\n<p>El 12 de Noviembre se realiz\u00f3 audiencia inicial en la que el agente del Ministerio P\u00fablico imput\u00f3 ante el Juez de Control a los involucrados <br \/>Mediante la emisi\u00f3n de un comunicado oficial, ayer la Procuradur\u00eda General de Justicia del estado de Hidalgo (PGJEH), dio a conocer que a trav\u00e9s de la Subprocuradur\u00eda de Procedimientos Penales Regi\u00f3n Poniente, logr\u00f3 ante el Tribunal Superior de Justicia del estado de Hidalgo (TSJH) la vinculaci\u00f3n a proceso de siete personas, imputadas por el delito de receptaci\u00f3n (Delito cometido por los que, teniendo conocimiento de la comisi\u00f3n de un delito de car\u00e1cter patrimonial, aprovechan para s\u00ed los efectos del mismo) en el Distrito Judicial de Apan.<br \/>Del hecho se record\u00f3 que el pasado 12 de Noviembre se realiz\u00f3 la audiencia inicial en la que el agente del Ministerio P\u00fablico imput\u00f3 ante el Juez de Control en turno a siete hombres de iniciales O.O.A., L.E.N.N, C.H.B.M., J.F.B., J.J.F.A., M.A.S. y J.L.L.G., luego de que fuera robado un tracto cami\u00f3n en el Estado de M\u00e9xico, y las personas fueran localizadas en Hidalgo, en posesi\u00f3n de la unidad que transportaba productos perecederos, decretando el juez su prisi\u00f3n preventiva justificada, en continuaci\u00f3n de audiencia, el 18 del mismo mes y a\u00f1o fueron vinculados a proceso.<br \/>As\u00ed mismo se estableci\u00f3 que de acuerdo con la narrativa del robo, el due\u00f1o del tractocami\u00f3n, se\u00f1al\u00f3 inicialmente que v\u00eda rastreo satelital, recibi\u00f3 una se\u00f1al de alerta sobre el cambio de ruta de la unidad, por lo que de manera pronta notific\u00f3 a las autoridades mexiquenses e inici\u00f3 una denominada pre denuncia por el robo de la unidad.<br \/>Por ello y mediante la coordinaci\u00f3n interinstitucional entre las corporaciones policiacas del Estado de M\u00e9xico \u00a0y las de Hidalgo, fue identificado el predio en el que la unidad se encontraba, se recuper\u00f3 la pesada unidad y posteriormente fue puesta bajo la responsabilidad del agente del Ministerio P\u00fablico de la Direcci\u00f3n de Investigaci\u00f3n y Litigaci\u00f3n regi\u00f3n poniente de la PGJEH, debido a que en este territorio fue localizado el cami\u00f3n de carga, por lo que se inici\u00f3 una carpeta de Investigaci\u00f3n por lo que compete a la receptaci\u00f3n.<br \/>Por el aseguramiento del Tracto la Carpeta por el asalto y robo se inici\u00f3 y tendr\u00e1 seguimiento en el Estado de M\u00e9xico derivado de que el il\u00edcito ocurri\u00f3 en esa jurisdicci\u00f3n.<br \/>Finalmente el juez de control fij\u00f3 el plazo de dos meses para el cierre de la investigaci\u00f3n complementaria que se lleva en el estado de Hidalgo.<\/p>\n","protected":false},"excerpt":{"rendered":"<p>TRANSPORTABA PRODUCTOS PERECEDEROS<\/p>\n","protected":false},"author":93,"featured_media":0,"comment_status":"open","ping_status":"open","sticky":false,"template":"","format":"standard","meta":{"footnotes":""},"categories":[37],"tags":[],"class_list":["post-53200","post","type-post","status-publish","format-standard","hentry","category-barandilla"],"_links":{"self":[{"href":"https:\/\/plazajuarez.mx\/historico\/wp-json\/wp\/v2\/posts\/53200","targetHints":{"allow":["GET"]}}],"collection":[{"href":"https:\/\/plazajuarez.mx\/historico\/wp-json\/wp\/v2\/posts"}],"about":[{"href":"https:\/\/plazajuarez.mx\/historico\/wp-json\/wp\/v2\/types\/post"}],"author":[{"embeddable":true,"href":"https:\/\/plazajuarez.mx\/historico\/wp-json\/wp\/v2\/users\/93"}],"replies":[{"embeddable":true,"href":"https:\/\/plazajuarez.mx\/historico\/wp-json\/wp\/v2\/comments?post=53200"}],"version-history":[{"count":0,"href":"https:\/\/plazajuarez.mx\/historico\/wp-json\/wp\/v2\/posts\/53200\/revisions"}],"wp:attachment":[{"href":"https:\/\/plazajuarez.mx\/historico\/wp-json\/wp\/v2\/media?parent=53200"}],"wp:term":[{"taxonomy":"category","embeddable":true,"href":"https:\/\/plazajuarez.mx\/historico\/wp-json\/wp\/v2\/categories?post=53200"},{"taxonomy":"post_tag","embeddable":true,"href":"https:\/\/plazajuarez.mx\/historico\/wp-json\/wp\/v2\/tags?post=53200"}],"curies":[{"name":"wp","href":"https:\/\/api.w.org\/{rel}","templated":true}]}}