{"id":52967,"date":"2017-11-30T14:57:05","date_gmt":"2017-11-30T14:57:05","guid":{"rendered":"http:\/\/plazajuarez.mx\/index\/index.php\/2017\/11\/30\/presentan-carrera-teleton-2\/"},"modified":"2017-11-30T14:57:05","modified_gmt":"2017-11-30T14:57:05","slug":"presentan-carrera-teleton-2","status":"publish","type":"post","link":"https:\/\/plazajuarez.mx\/historico\/presentan-carrera-teleton-2\/","title":{"rendered":"PRESENTAN CARRERA TELET\u00d3N"},"content":{"rendered":"<p>#ATLETISMO<br \/>\u00a0\u00a0 \u00a0\u2022\u00a0\u00a0 \u00a0Se premiar\u00e1 a los primeros tres lugares en la categor\u00eda libre varonil y femenil. La ruta ser\u00e1 de 5 kil\u00f3metros \u2028<\/p>\n<p>  <!--more-->  <\/p>\n<p>En conferencia de prensa, autoridades presentaron ayer \u00a0la carrera atl\u00e9tica con causa del Centro de Rehabilitaci\u00f3n Infantil Telet\u00f3n 5K, la cual se llevar\u00e1 el pr\u00f3ximo domingo 03 de diciembre a las 08:30 horas, donde se espera una buena asistencia por parte de los corredores hidalguenses, quienes har\u00e1n lo posible por cruzar la meta.<br \/>Asimismo, los organizadores informaron que la salida y meta ser\u00e1 en las instalaciones del CRIT Hidalgo, ubicado en avenida Fomento Minero, n\u00famero 105, colonia Venta Prieta; mismo punto donde se podr\u00e1n efectuar las inscripciones a la carrera.<br \/>De igual manera, el costo de inscripci\u00f3n es de 175 pesos e incluye playera, n\u00famero de corredor y medalla conmemorativa para los primeros 700 en cruzar la l\u00ednea de meta; las categor\u00edas participantes son libre, ciegos y d\u00e9biles visuales, silla sobre ruedas y mixta, en todas ellas se espera una competencia muy re\u00f1ida.<br \/>Por lo pronto, la entrega de kits deportivos ser\u00e1 el d\u00eda primero de diciembre en las instalaciones del CRIT Hidalgo, en un horario de 08:00 a 20:00 horas.<br \/>En tanto, el comit\u00e9 organizador inform\u00f3 que se premiar\u00e1 a los primeros tres lugares en la categor\u00eda libre varonil y femenil; asimismo a la categor\u00eda \u00fanica en silla de ruedas y ciegos y d\u00e9biles visuales.<br \/>Finalmente, la presentaci\u00f3n estuvo a cargo de la directora general del Instituto Hidalguense del Deporte, F\u00e1tima Ba\u00f1os P\u00e9rez; el director del CRIT Hidalgo, Agust\u00edn Lagunas Oseguera; la directora de Cultura F\u00edsica y Deporte del INHIDE, Luz Aurora Soto D\u00edaz y el presidente de la Asociaci\u00f3n Hidalguense de Atletismo, Mart\u00edn Zustaeta Labastida, quienes esperan que los corredores tengan un gran d\u00eda cien por ciento familiar, ya que adem\u00e1s es una carrera que se ha vuelto tradicional por parte del Telet\u00f3n.<br \/>\u00a0<\/p>\n","protected":false},"excerpt":{"rendered":"<p>#ATLETISMO\u00a0\u00a0 \u00a0\u2022\u00a0\u00a0 \u00a0Se premiar\u00e1 a los primeros tres lugares en la categor\u00eda libre varonil y femenil. La ruta ser\u00e1 de 5 kil\u00f3metros \u2028<\/p>\n","protected":false},"author":93,"featured_media":0,"comment_status":"open","ping_status":"open","sticky":false,"template":"","format":"standard","meta":{"footnotes":""},"categories":[39],"tags":[],"class_list":["post-52967","post","type-post","status-publish","format-standard","hentry","category-deportiva"],"_links":{"self":[{"href":"https:\/\/plazajuarez.mx\/historico\/wp-json\/wp\/v2\/posts\/52967","targetHints":{"allow":["GET"]}}],"collection":[{"href":"https:\/\/plazajuarez.mx\/historico\/wp-json\/wp\/v2\/posts"}],"about":[{"href":"https:\/\/plazajuarez.mx\/historico\/wp-json\/wp\/v2\/types\/post"}],"author":[{"embeddable":true,"href":"https:\/\/plazajuarez.mx\/historico\/wp-json\/wp\/v2\/users\/93"}],"replies":[{"embeddable":true,"href":"https:\/\/plazajuarez.mx\/historico\/wp-json\/wp\/v2\/comments?post=52967"}],"version-history":[{"count":0,"href":"https:\/\/plazajuarez.mx\/historico\/wp-json\/wp\/v2\/posts\/52967\/revisions"}],"wp:attachment":[{"href":"https:\/\/plazajuarez.mx\/historico\/wp-json\/wp\/v2\/media?parent=52967"}],"wp:term":[{"taxonomy":"category","embeddable":true,"href":"https:\/\/plazajuarez.mx\/historico\/wp-json\/wp\/v2\/categories?post=52967"},{"taxonomy":"post_tag","embeddable":true,"href":"https:\/\/plazajuarez.mx\/historico\/wp-json\/wp\/v2\/tags?post=52967"}],"curies":[{"name":"wp","href":"https:\/\/api.w.org\/{rel}","templated":true}]}}