{"id":52966,"date":"2017-11-30T14:54:31","date_gmt":"2017-11-30T14:54:31","guid":{"rendered":"http:\/\/plazajuarez.mx\/index\/index.php\/2017\/11\/30\/piden-juicio-politico-contra-jaime-allende-quien-busca-una-candidatura-por-el-pri-2\/"},"modified":"2017-11-30T14:54:31","modified_gmt":"2017-11-30T14:54:31","slug":"piden-juicio-politico-contra-jaime-allende-quien-busca-una-candidatura-por-el-pri-2","status":"publish","type":"post","link":"https:\/\/plazajuarez.mx\/historico\/piden-juicio-politico-contra-jaime-allende-quien-busca-una-candidatura-por-el-pri-2\/","title":{"rendered":"Piden juicio pol\u00edtico contra Jaime Allende\u2026 quien busca una candidatura por el PRI"},"content":{"rendered":"<p>Tula de Allende<\/p>\n<p>  <!--more-->  <\/p>\n<p>Juicio Pol\u00edtico contra el ex alcalde, Jaime Allende Gonz\u00e1lez, pidi\u00f3 la regidora Rosa Olivia Garc\u00eda Villeda, ya que dijo que no es posible que despu\u00e9s de que el ex presidente municipal desfalc\u00f3 con muchos millones de pesos las arcas municipales, est\u00e9 buscando para el pr\u00f3ximo proceso electoral una candidatura, por parte de su Partido, el Revolucionario Institucional (PRI).<\/p>\n<p>En entrevista, la regidora perredista reiter\u00f3 su posicionamiento de que se debe iniciar un juicio pol\u00edtico contra el ex alcalde, Jaime Allende, con la finalidad que, de acuerdo al proceso tendr\u00e1 que ser inhabilitado para desempe\u00f1ar alg\u00fan cargo p\u00fablico, como consecuencia de los malos manejos de recursos que ejerci\u00f3 durante su mandato como presidente municipal.<\/p>\n<p>Durante la vig\u00e9sima cuarta sesi\u00f3n ordinaria de cabildo, llevada a cabo la ma\u00f1ana de ayer, en asuntos generales, Rosa Olivia Garc\u00eda Villeda cuestion\u00f3 a la s\u00edndica jur\u00eddica, Norma Rom\u00e1n Neri, sobre el avance de la denuncia que se interpuso en contra del ex alcalde, Jaime Allende, por el desfalco detectado en la entrega recepci\u00f3n.<\/p>\n<p>Garc\u00eda Villeda dijo que debido a las irregularidades en la cuenta p\u00fablica se debe iniciar un juicio pol\u00edtico contra Allende Gonz\u00e1lez, ya que la ley establece que las sanciones aplicadas a los servidores p\u00fablicos hablan de una inhabilitaci\u00f3n cuando en el ejercicio de sus funciones incurren en actos u omisiones que redunden en beneficio de los intereses p\u00fablicos.<\/p>\n<p>Preciso se debe llegar a ese punto para que se d\u00e9 una inhabilitaci\u00f3n para que desempe\u00f1e funciones, empleo, cargo o comisiones de cualquier naturaleza en el servicio p\u00fablico, por lo que pidi\u00f3 que el tema se turne a la C\u00e1mara de Diputados del Estado de Hidalgo.<\/p>\n<p>Por su parte la s\u00edndica jur\u00eddica Norma Rom\u00e1n Neri en respuesta coment\u00f3 que la denuncia ya est\u00e1 interpuesta en la \u00a0\u2013Procuradur\u00eda General de Justicia del Estado de Hidalgo- .<\/p>\n<p>\u201cLa situaci\u00f3n de que nos den respuesta ya no es cuesti\u00f3n de nosotros, no es que no lo hagamos, sino que estamos esperando a que nos den una respuesta, est\u00e1 en proceso, ah\u00ed no podemos intervenir nosotros, simplemente estamos acudiendo constantemente para ver cu\u00e1l es la respuesta que nos dan, pero a la fecha no hay ninguna respuesta\u201d.<\/p>\n<p>La respuesta de la s\u00edndica no convenci\u00f3 a la regidora, por lo que en entrevista se\u00f1al\u00f3 que no quitar\u00e1 el dedo del rengl\u00f3n de que Jaime Allende Gonz\u00e1lez debe ser juzgado, por el da\u00f1o patrimonial que la caus\u00f3 al pueblo de Tula, de ah\u00ed que no debe quedar impune, ya que as\u00ed lo ha manifestado el propio gobernador, Omar Fayad, de que los actos de corrupci\u00f3n deben ser castigados y que por eso espera que la Procuradur\u00eda General de Justicia de Hidalgo haga su trabajo, toda vez que los tulenses est\u00e1n muy pendientes de cu\u00e1l ser\u00e1 el actuar de las autoridades judiciales y gubernamentales.<\/p>\n<p>Por \u00faltimo, Rosa Olivia Garc\u00eda Villeda manifest\u00f3 que el pueblo de Tula y en general la ciudadan\u00eda debe tener memoria del actuar de sus gobiernos y que en sus manos est\u00e1 no volverlos a premiar con su voto cuando han cometido actos de corrupci\u00f3n; \u00a0y a consta de los desfalcos a las arcas municipales se han enriquecido.<\/p>\n","protected":false},"excerpt":{"rendered":"<p>Tula de Allende<\/p>\n","protected":false},"author":93,"featured_media":0,"comment_status":"open","ping_status":"open","sticky":false,"template":"","format":"standard","meta":{"footnotes":""},"categories":[40],"tags":[],"class_list":["post-52966","post","type-post","status-publish","format-standard","hentry","category-region"],"_links":{"self":[{"href":"https:\/\/plazajuarez.mx\/historico\/wp-json\/wp\/v2\/posts\/52966","targetHints":{"allow":["GET"]}}],"collection":[{"href":"https:\/\/plazajuarez.mx\/historico\/wp-json\/wp\/v2\/posts"}],"about":[{"href":"https:\/\/plazajuarez.mx\/historico\/wp-json\/wp\/v2\/types\/post"}],"author":[{"embeddable":true,"href":"https:\/\/plazajuarez.mx\/historico\/wp-json\/wp\/v2\/users\/93"}],"replies":[{"embeddable":true,"href":"https:\/\/plazajuarez.mx\/historico\/wp-json\/wp\/v2\/comments?post=52966"}],"version-history":[{"count":0,"href":"https:\/\/plazajuarez.mx\/historico\/wp-json\/wp\/v2\/posts\/52966\/revisions"}],"wp:attachment":[{"href":"https:\/\/plazajuarez.mx\/historico\/wp-json\/wp\/v2\/media?parent=52966"}],"wp:term":[{"taxonomy":"category","embeddable":true,"href":"https:\/\/plazajuarez.mx\/historico\/wp-json\/wp\/v2\/categories?post=52966"},{"taxonomy":"post_tag","embeddable":true,"href":"https:\/\/plazajuarez.mx\/historico\/wp-json\/wp\/v2\/tags?post=52966"}],"curies":[{"name":"wp","href":"https:\/\/api.w.org\/{rel}","templated":true}]}}