{"id":52965,"date":"2017-11-30T14:54:24","date_gmt":"2017-11-30T14:54:24","guid":{"rendered":"http:\/\/plazajuarez.mx\/index\/index.php\/2017\/11\/30\/en-sesion-de-cabildo-regidora-se-queja-de-violencia-politica-en-su-contra-2\/"},"modified":"2017-11-30T14:54:24","modified_gmt":"2017-11-30T14:54:24","slug":"en-sesion-de-cabildo-regidora-se-queja-de-violencia-politica-en-su-contra-2","status":"publish","type":"post","link":"https:\/\/plazajuarez.mx\/historico\/en-sesion-de-cabildo-regidora-se-queja-de-violencia-politica-en-su-contra-2\/","title":{"rendered":"En sesi\u00f3n de Cabildo, regidora se queja de \u201cViolencia Pol\u00edtica\u201d en su contra"},"content":{"rendered":"<p>Tula de Allende<br \/>\u00a0\u00a0 \u00a0\u2022\u00a0\u00a0 \u00a0Esto, porque dijo que no le proporcionan en tiempo y forma la informaci\u00f3n que solicita para el mejor desempe\u00f1o de sus actividades como mun\u00edcipe\u2028<\/p>\n<p>  <!--more-->  <\/p>\n<p>En el marco de la vig\u00e9sima cuarta sesi\u00f3n ordinaria de cabildo, la regidora Guadalupe Pe\u00f1a Hern\u00e1ndez, dijo ayer que consideraba que se estaba ejerciendo \u201cViolencia Pol\u00edtica\u201d en su contra, al no proporcionarle en tiempo y forma la informaci\u00f3n que solicita para el mejor desempe\u00f1o de sus actividades como mun\u00edcipe.<\/p>\n<p>Record\u00f3 que ello, a pesar de que en d\u00edas pasado se celebr\u00f3 la no Violencia contra las Mujeres y que incluso asisti\u00f3 a un foro donde le qued\u00f3 claro el eslogan, mismo que exhibi\u00f3 en una hoja blanca luego de su intervenci\u00f3n que a la letra dec\u00eda \u201cNoEsElCosto\u201d y que esperaba no fuera el caso por ser mujer.<\/p>\n<p>Pe\u00f1a Hern\u00e1ndez en entrevista record\u00f3 que el pasado 16 de octubre ingres\u00f3 un oficio dirigido al alcalde, Ismael Gadoth Tapia Ben\u00edtez, en el que solicit\u00f3 informaci\u00f3n referente a la iniciativa de la Ley de Ingresos del Municipio de Tula para el ejercicio 2018 y que la pidi\u00f3 en medio digital y en formato Excel, con el objetivo de analizar detalladamente lo establecido en los art\u00edculo 95 Bis y 95 Ter fracci\u00f3n I de la Ley Org\u00e1nica Municipal del Estado de Hidalgo.<\/p>\n<p>Y que a la fecha (29 de noviembre) su solicitud hab\u00eda sido ignorada, por lo que consideraba que el negarle la informaci\u00f3n en su caso se est\u00e1 ejerciendo \u201cViolencia Pol\u00edtica\u201d.<\/p>\n<p>Record\u00f3 que en las diferentes actividades de la no violencia hacia las mujeres se hace hincapi\u00e9 de no permitir que se violenten sus derechos, por lo que pidi\u00f3 al ejecutivo municipal que cuando solicite informaci\u00f3n le sea entregada. <\/p>\n<p>Toda vez que este mismo mi\u00e9rcoles inician con las mesas de trabajo para analizar el Presupuesto de Egresos para el ejercicio fiscal 2018 y de esa manera tengan claridad de lo que est\u00e1n tratando y as\u00ed ejercer de una mejor manera sus funciones, \u201cYa que el no recibir la informaci\u00f3n\u201d insisti\u00f3, \u201ces una violaci\u00f3n a mis derechos y lo veo como una violencia pol\u00edtica hacia mi persona\u201d.<\/p>\n","protected":false},"excerpt":{"rendered":"<p>Tula de Allende\u00a0\u00a0 \u00a0\u2022\u00a0\u00a0 \u00a0Esto, porque dijo que no le proporcionan en tiempo y forma la informaci\u00f3n que solicita para el mejor desempe\u00f1o de sus actividades como mun\u00edcipe\u2028<\/p>\n","protected":false},"author":93,"featured_media":0,"comment_status":"open","ping_status":"open","sticky":false,"template":"","format":"standard","meta":{"footnotes":""},"categories":[40],"tags":[],"class_list":["post-52965","post","type-post","status-publish","format-standard","hentry","category-region"],"_links":{"self":[{"href":"https:\/\/plazajuarez.mx\/historico\/wp-json\/wp\/v2\/posts\/52965","targetHints":{"allow":["GET"]}}],"collection":[{"href":"https:\/\/plazajuarez.mx\/historico\/wp-json\/wp\/v2\/posts"}],"about":[{"href":"https:\/\/plazajuarez.mx\/historico\/wp-json\/wp\/v2\/types\/post"}],"author":[{"embeddable":true,"href":"https:\/\/plazajuarez.mx\/historico\/wp-json\/wp\/v2\/users\/93"}],"replies":[{"embeddable":true,"href":"https:\/\/plazajuarez.mx\/historico\/wp-json\/wp\/v2\/comments?post=52965"}],"version-history":[{"count":0,"href":"https:\/\/plazajuarez.mx\/historico\/wp-json\/wp\/v2\/posts\/52965\/revisions"}],"wp:attachment":[{"href":"https:\/\/plazajuarez.mx\/historico\/wp-json\/wp\/v2\/media?parent=52965"}],"wp:term":[{"taxonomy":"category","embeddable":true,"href":"https:\/\/plazajuarez.mx\/historico\/wp-json\/wp\/v2\/categories?post=52965"},{"taxonomy":"post_tag","embeddable":true,"href":"https:\/\/plazajuarez.mx\/historico\/wp-json\/wp\/v2\/tags?post=52965"}],"curies":[{"name":"wp","href":"https:\/\/api.w.org\/{rel}","templated":true}]}}