{"id":52964,"date":"2017-11-30T14:54:21","date_gmt":"2017-11-30T14:54:21","guid":{"rendered":"http:\/\/plazajuarez.mx\/index\/index.php\/2017\/11\/30\/embiste-trailer-a-familia-que-viajaba-en-una-camioneta-mudanza-rumbo-a-veracruz-2\/"},"modified":"2017-11-30T14:54:21","modified_gmt":"2017-11-30T14:54:21","slug":"embiste-trailer-a-familia-que-viajaba-en-una-camioneta-mudanza-rumbo-a-veracruz-2","status":"publish","type":"post","link":"https:\/\/plazajuarez.mx\/historico\/embiste-trailer-a-familia-que-viajaba-en-una-camioneta-mudanza-rumbo-a-veracruz-2\/","title":{"rendered":"Embiste tr\u00e1iler a familia que viajaba en una camioneta-mudanza, rumbo a Veracruz"},"content":{"rendered":"<p>Tulancingo <br \/>\u00a0\u00a0 \u00a0\u2022\u00a0\u00a0 \u00a0Milagrosamente, los cinco integrantes salieron ilesos \u2028<\/p>\n<p>  <!--more-->  <\/p>\n<p>Un aparatoso accidente se suscit\u00f3 la madrugada de ayer sobre la carretera federal M\u00e9xico\u2013Tuxpan, a la altura de la comunidad de Napateco, cuando el conductor de un tr\u00e1iler impact\u00f3 por alcance a una camioneta de mudanzas donde viajaba una familia que se dirig\u00eda a Poza Rica; afortunadamente, todos salieron ilesos.<br \/>Los hechos se suscitaron a eso de la una de la madrugada, cuando la familia, dos adultos y tres menores, viajaban con todos los art\u00edculos del hogar en una mudanza de Tulancingo a Poza Rica, Veracruz, su lugar de origen.<br \/>Tras pasar el puente de Zototl\u00e1n, la escasa visibilidad debido a la intensa neblina, provoc\u00f3 que el conductor del tr\u00e1iler de la empresa Fratsa, de la marca Kenworth Kenmex, color blanco con franjas caf\u00e9s, placas 473-EC-5 y plataforma placas 714-WG-1, cargada con 15 toneladas de varilla de acero, impactara a la camioneta, a pesar del volantazo, para despu\u00e9s terminar su trayecto sobre un terreno de cultivo.<br \/>La camioneta, Ford F150 de redilas, color azul marino y placas XW 70-426 del estado de Veracruz, qued\u00f3 volteada por su costado izquierdo, y la carga se dispers\u00f3 a la orilla de la carretera, causando considerables p\u00e9rdidas materiales.<br \/>Las labores de retiro de las unidades y restos de la carga, se prolong\u00f3 hasta ya pasado el mediod\u00eda de ayer.<br \/>A pesar del aparatoso accidente, ninguno de los tripulantes del tracto cami\u00f3n y de la camioneta result\u00f3 lesionado.<\/p>\n","protected":false},"excerpt":{"rendered":"<p>Tulancingo \u00a0\u00a0 \u00a0\u2022\u00a0\u00a0 \u00a0Milagrosamente, los cinco integrantes salieron ilesos \u2028<\/p>\n","protected":false},"author":93,"featured_media":0,"comment_status":"open","ping_status":"open","sticky":false,"template":"","format":"standard","meta":{"footnotes":""},"categories":[40],"tags":[],"class_list":["post-52964","post","type-post","status-publish","format-standard","hentry","category-region"],"_links":{"self":[{"href":"https:\/\/plazajuarez.mx\/historico\/wp-json\/wp\/v2\/posts\/52964","targetHints":{"allow":["GET"]}}],"collection":[{"href":"https:\/\/plazajuarez.mx\/historico\/wp-json\/wp\/v2\/posts"}],"about":[{"href":"https:\/\/plazajuarez.mx\/historico\/wp-json\/wp\/v2\/types\/post"}],"author":[{"embeddable":true,"href":"https:\/\/plazajuarez.mx\/historico\/wp-json\/wp\/v2\/users\/93"}],"replies":[{"embeddable":true,"href":"https:\/\/plazajuarez.mx\/historico\/wp-json\/wp\/v2\/comments?post=52964"}],"version-history":[{"count":0,"href":"https:\/\/plazajuarez.mx\/historico\/wp-json\/wp\/v2\/posts\/52964\/revisions"}],"wp:attachment":[{"href":"https:\/\/plazajuarez.mx\/historico\/wp-json\/wp\/v2\/media?parent=52964"}],"wp:term":[{"taxonomy":"category","embeddable":true,"href":"https:\/\/plazajuarez.mx\/historico\/wp-json\/wp\/v2\/categories?post=52964"},{"taxonomy":"post_tag","embeddable":true,"href":"https:\/\/plazajuarez.mx\/historico\/wp-json\/wp\/v2\/tags?post=52964"}],"curies":[{"name":"wp","href":"https:\/\/api.w.org\/{rel}","templated":true}]}}