{"id":52963,"date":"2017-11-30T14:54:52","date_gmt":"2017-11-30T14:54:52","guid":{"rendered":"http:\/\/plazajuarez.mx\/index\/index.php\/2017\/11\/30\/ayer-inicio-la-construccion-de-preparatoria\/"},"modified":"2017-11-30T14:54:52","modified_gmt":"2017-11-30T14:54:52","slug":"ayer-inicio-la-construccion-de-preparatoria","status":"publish","type":"post","link":"https:\/\/plazajuarez.mx\/historico\/ayer-inicio-la-construccion-de-preparatoria\/","title":{"rendered":"Ayer inici\u00f3 la construcci\u00f3n de preparatoria"},"content":{"rendered":"<p>Ixmiquilpan<br \/>\u00a0\u00a0 \u00a0\u2022\u00a0\u00a0 \u00a0Estar\u00e1 incorporada a la UAEH\u2028<\/p>\n<p>  <!--more-->  <\/p>\n<p>El rector de la m\u00e1xima casa de estudios, Adolfo Pontigo Loyola, destac\u00f3 la gesti\u00f3n de los recursos econ\u00f3micos que ha hecho el legislador local, Cipriano Charrez Pedraza, quien siendo alcalde de Ixmiquilpan, dio en donaci\u00f3n este predio para que ah\u00ed se construya ahora esta escuela de nivel superior<br \/>Por: Marco Caba\u00f1as <br \/>Arranc\u00f3 la construcci\u00f3n de la preparatoria incorporada a la Universidad Aut\u00f3noma del Estado de Hidalgo (UAEH), que tendr\u00e1 una inversi\u00f3n de m\u00e1s de 50 millones de pesos, 12.7 en la primera etapa, anunciaron ayer, el diputado local, Cipriano Charrez Pedraza y el Rector, Adolfo Pontigo Loyola. <br \/>La preparatoria estar\u00e1 ubicada sobre la carretera San Nicol\u00e1s-La Heredad, en un predio donado por los vecinos de la comunidad, quienes solicitaron que en este espacio se construya un campus de esta instituci\u00f3n educativa.<br \/>El delegado de la comunidad, Erick Hern\u00e1ndez, explic\u00f3, se trata de uno de los sue\u00f1os que tuvo la comunidad. Destac\u00f3, que tener una oferta educativa de este nivel, permite que las nuevas generaciones tengan mejores oportunidades, no s\u00f3lo de prepararse acad\u00e9micamente, sino tambi\u00e9n de calidad de vida. <br \/>El rector, de la M\u00e1xima Casa de Estudios hidalguense, Adolfo Pontigo Loyola, reconoci\u00f3 al gobernador, Omar Fayad Meneses, la aportaci\u00f3n de los recursos econ\u00f3micos para iniciar con la construcci\u00f3n de la obra f\u00edsica de esta preparatoria, asimismo por su apoyo a los proyectos educativos a favor de los hidalguenses. Subray\u00f3, que el mejor ejercicio de justicia social, es precisamente en las escuelas p\u00fablicas, por ello la necesidad y obligaci\u00f3n del Estado, es invertir en instituciones como \u00e9sta.<br \/>Cipriano Charrez sostuvo que durante 13 a\u00f1os se hicieron los planteamientos para construir una universidad intercultural en Ixmiquilpan, \u00e9sta s\u00ed se construy\u00f3 pero en la regi\u00f3n de la Otom\u00ed-Tepehua. Por ello es que fue la UAEH la que retom\u00f3 el proyecto para este municipio, siendo una preparatoria y un campus de nivel superior que tambi\u00e9n se construir\u00e1 posteriormente. <br \/>Puntualiz\u00f3 que su inter\u00e9s es que existan ofertas educativas a la altura de los nuevos tiempos, derechos de los que Ixmiquilpan ha sido privado. <br \/>Agreg\u00f3, que en breve buscar\u00e1 al Gobernador, para establecer acuerdos respecto a la partida presupuestal para 2018 a este proyecto, debido a que los recursos que ser\u00e1n ejercidos corresponden al 2017. <\/p>\n<p>Ning\u00fan pleito con el Gobernador: rector<br \/>Tras colocar la primera piedra, el rector fue abordado por diversos medios de comunicaci\u00f3n, donde habl\u00f3 del auditor designado por el Congreso, asimismo sobre su relaci\u00f3n con el gobernador, Omar Fayad Meneses. <br \/>\u201cYo s\u00f3lo expresarle mi respeto al se\u00f1or Gobernador, como lo he hecho siempre en las entrevistas, no tengo nada que decir del se\u00f1or Gobernador, para m\u00ed mi respeto. S\u00f3lo les puedo decir que represento a 60 mil personas que han confiado en \u00a0un rector para defender a su bien m\u00e1s preciado, que es su autonom\u00eda\u201d. <br \/>Respecto a la defensa de la autonom\u00eda de la UAEH, subray\u00f3: \u201cya hubo una resoluci\u00f3n del Juzgado Primero de Distrito en la que hubo la suspensi\u00f3n temporal de la acci\u00f3n que nosotros solicitamos. Hoy mismo habr\u00e1 de salir otra determinaci\u00f3n, donde hay una medida cautelar, que sin duda ser\u00e1 ben\u00e9fica para la causa de la instituci\u00f3n\u201d.<\/p>\n","protected":false},"excerpt":{"rendered":"<p>Ixmiquilpan\u00a0\u00a0 \u00a0\u2022\u00a0\u00a0 \u00a0Estar\u00e1 incorporada a la UAEH\u2028<\/p>\n","protected":false},"author":93,"featured_media":0,"comment_status":"open","ping_status":"open","sticky":false,"template":"","format":"standard","meta":{"footnotes":""},"categories":[40],"tags":[],"class_list":["post-52963","post","type-post","status-publish","format-standard","hentry","category-region"],"_links":{"self":[{"href":"https:\/\/plazajuarez.mx\/historico\/wp-json\/wp\/v2\/posts\/52963","targetHints":{"allow":["GET"]}}],"collection":[{"href":"https:\/\/plazajuarez.mx\/historico\/wp-json\/wp\/v2\/posts"}],"about":[{"href":"https:\/\/plazajuarez.mx\/historico\/wp-json\/wp\/v2\/types\/post"}],"author":[{"embeddable":true,"href":"https:\/\/plazajuarez.mx\/historico\/wp-json\/wp\/v2\/users\/93"}],"replies":[{"embeddable":true,"href":"https:\/\/plazajuarez.mx\/historico\/wp-json\/wp\/v2\/comments?post=52963"}],"version-history":[{"count":0,"href":"https:\/\/plazajuarez.mx\/historico\/wp-json\/wp\/v2\/posts\/52963\/revisions"}],"wp:attachment":[{"href":"https:\/\/plazajuarez.mx\/historico\/wp-json\/wp\/v2\/media?parent=52963"}],"wp:term":[{"taxonomy":"category","embeddable":true,"href":"https:\/\/plazajuarez.mx\/historico\/wp-json\/wp\/v2\/categories?post=52963"},{"taxonomy":"post_tag","embeddable":true,"href":"https:\/\/plazajuarez.mx\/historico\/wp-json\/wp\/v2\/tags?post=52963"}],"curies":[{"name":"wp","href":"https:\/\/api.w.org\/{rel}","templated":true}]}}