{"id":52962,"date":"2017-11-30T14:53:21","date_gmt":"2017-11-30T14:53:21","guid":{"rendered":"http:\/\/plazajuarez.mx\/index\/index.php\/2017\/11\/30\/opera-table-dance-con-permiso-vencido\/"},"modified":"2017-11-30T14:53:21","modified_gmt":"2017-11-30T14:53:21","slug":"opera-table-dance-con-permiso-vencido","status":"publish","type":"post","link":"https:\/\/plazajuarez.mx\/historico\/opera-table-dance-con-permiso-vencido\/","title":{"rendered":"Opera Table Dance con permiso vencido"},"content":{"rendered":"<p>Tulancingo<br \/>\u00a0\u00a0 \u00a0\u2022\u00a0\u00a0 \u00a0Autoridades de Tulancingo informaron que no permitir\u00e1n m\u00e1s negocios de \u201cgiro negro\u201d. Buscar\u00e1n cerrarlo\u2028<\/p>\n<p>  <!--more-->  <\/p>\n<p>Autoridades municipales de Tulancingo informaron que buscar\u00e1n la forma legal de impedir que opere el centro nocturno \u201cCaballo Loco New York\u201d, que la noche del pasado martes fue inaugurado, a orillas del corredor vial San Jos\u00e9.<\/p>\n<p>El secretario municipal, Ra\u00fal Ren\u00e1n S\u00e1nchez Parra, inform\u00f3 al respecto que dicho table dance opera con un permiso no vigente, expedido por el gobierno de Santiago Tulantepec, el cual no ha sido renovado; pero los due\u00f1os del lugar aseguran tener un amparo, que tampoco han presentado.<\/p>\n<p>Aclar\u00f3 que la administraci\u00f3n no est\u00e1 de acuerdo ni permitir\u00e1 que este giro negro siga en operaci\u00f3n. <\/p>\n<p>\u201cEl permiso que ostentan data de 2016, no fue renovado por el gobierno de Santiago Tulantepec y hasta donde tengo entendido abrieron el negocio con un amparo\u201d.<\/p>\n<p>Asegur\u00f3 que a pesar de persistir la incertidumbre en los l\u00edmites territoriales, el \u00e1rea jur\u00eddica del municipio de Tulancingo comprobar\u00e1 que este centro nocturno se encuentra en territorio tulancinguense.<\/p>\n<p>Al respecto, la directora de Reglamentos, Viridiana Hern\u00e1ndez, confirm\u00f3 \u00a0que la instrucci\u00f3n del presidente municipal, Fernando P\u00e9rez, es clara en el sentido de no expedir ni renovar permisos inherentes a giros negros.<br \/>\u00a0<br \/>El jur\u00eddico del municipio, Abdiel Camacho, confirm\u00f3 que el d\u00eda de ayer, mi\u00e9rcoles, realizar\u00edan una visita de inspecci\u00f3n para que el due\u00f1o o responsable del table dance muestre la documentaci\u00f3n que posee, incluido el permiso; pero en caso de no hacerlo, le conceder\u00e1n un plazo de cinco d\u00edas para que la presente a efecto de no violentar su garant\u00eda de audiencia. <\/p>\n<p>\u201cSi en ese plazo no demuestran tener todo en orden procederemos a la legal clausura del establecimiento, ellos ocupar\u00e1n los medios de defensa que consideren necesarios, pero creemos que tenemos bases s\u00f3lidas para clausurar y dejar sin efecto ese permiso\u201d, asever\u00f3.<\/p>\n","protected":false},"excerpt":{"rendered":"<p>Tulancingo\u00a0\u00a0 \u00a0\u2022\u00a0\u00a0 \u00a0Autoridades de Tulancingo informaron que no permitir\u00e1n m\u00e1s negocios de \u201cgiro negro\u201d. Buscar\u00e1n cerrarlo\u2028<\/p>\n","protected":false},"author":93,"featured_media":0,"comment_status":"open","ping_status":"open","sticky":false,"template":"","format":"standard","meta":{"footnotes":""},"categories":[40],"tags":[],"class_list":["post-52962","post","type-post","status-publish","format-standard","hentry","category-region"],"_links":{"self":[{"href":"https:\/\/plazajuarez.mx\/historico\/wp-json\/wp\/v2\/posts\/52962","targetHints":{"allow":["GET"]}}],"collection":[{"href":"https:\/\/plazajuarez.mx\/historico\/wp-json\/wp\/v2\/posts"}],"about":[{"href":"https:\/\/plazajuarez.mx\/historico\/wp-json\/wp\/v2\/types\/post"}],"author":[{"embeddable":true,"href":"https:\/\/plazajuarez.mx\/historico\/wp-json\/wp\/v2\/users\/93"}],"replies":[{"embeddable":true,"href":"https:\/\/plazajuarez.mx\/historico\/wp-json\/wp\/v2\/comments?post=52962"}],"version-history":[{"count":0,"href":"https:\/\/plazajuarez.mx\/historico\/wp-json\/wp\/v2\/posts\/52962\/revisions"}],"wp:attachment":[{"href":"https:\/\/plazajuarez.mx\/historico\/wp-json\/wp\/v2\/media?parent=52962"}],"wp:term":[{"taxonomy":"category","embeddable":true,"href":"https:\/\/plazajuarez.mx\/historico\/wp-json\/wp\/v2\/categories?post=52962"},{"taxonomy":"post_tag","embeddable":true,"href":"https:\/\/plazajuarez.mx\/historico\/wp-json\/wp\/v2\/tags?post=52962"}],"curies":[{"name":"wp","href":"https:\/\/api.w.org\/{rel}","templated":true}]}}