{"id":5210,"date":"2015-05-16T05:00:00","date_gmt":"2015-05-16T05:00:00","guid":{"rendered":"http:\/\/plazajuarez.mx\/index\/index.php\/2015\/05\/16\/allen-hace-cine-por-distraccion\/"},"modified":"2015-05-16T05:00:00","modified_gmt":"2015-05-16T05:00:00","slug":"allen-hace-cine-por-distraccion","status":"publish","type":"post","link":"https:\/\/plazajuarez.mx\/historico\/allen-hace-cine-por-distraccion\/","title":{"rendered":"Allen hace cine por distracci\u00f3n"},"content":{"rendered":"<p style=\"text-align: justify;\"><span style=\"font-size: 10pt; color: #000000;\">El m\u00edtico director neoyorkino Woody Allen, quien cumplir\u00e1 80 a\u00f1os en 2015, asegur\u00f3 que hace pel\u00edculas para &#8220;distraerse&#8221; de los problemas de la vida, no pensar en la muerte ni en su decadencia f\u00edsica.<\/span><\/p>\n<p style=\"text-align: justify;\"><span style=\"font-size: 10pt; color: #000000;\">&#8220;Lo \u00fanico que se puede hacer en la vida es distraerse (&#8230;) Para eso hago pel\u00edculas, que es una distracci\u00f3n maravillosa. A mi me distrae hacer cine&#8221; , declar\u00f3 Allen en rueda de prensa en el marco del 68 Festival Internacional de Cine de Cannes.<\/span><\/p>\n<p>  <!--more-->  <\/p>\n<p style=\"text-align: justify;\">\u00a0<\/p>\n<p style=\"text-align: justify;\"><span style=\"font-size: 10pt; color: #000000;\">Allen, quien estren\u00f3 este viernes fuera de competencia, su m\u00e1s reciente pel\u00edcula &#8220;El hombre irracional&#8221; , confes\u00f3 que para no angustiarse y evitar pensar en la muerte tambi\u00e9n va al cine a ver cintas del bailar\u00edn Fred Astaire.<\/span><\/p>\n<p style=\"text-align: justify;\"><span style=\"font-size: 10pt; color: #000000;\">&#8220;Yo voy al cine a ver a Fred Astaire y as\u00ed no pienso en mi muerte, en la decadencia de mi cuerpo. Al salir de la sala de cine me reencuentro con la realidad y los problemas, por eso hacer pel\u00edculas es una cosa interesante para pasar el tiempo&#8221; , agreg\u00f3 el realizador.<\/span><\/p>\n<p style=\"text-align: justify;\"><span style=\"font-size: 10pt; color: #000000;\">&#8220;Mi conclusi\u00f3n es que el \u00fanico medio de hacer algo es por la distracci\u00f3n. Ya lo hac\u00edan los fil\u00f3sofos. Todos pensaban que la realidad era demasiado pesada&#8221; , coment\u00f3 Allen.<\/span><\/p>\n<p style=\"text-align: justify;\"><span style=\"font-size: 10pt; color: #000000;\">El director, quien cumplir\u00e1 80 a\u00f1os a finales de 2015, rechaz\u00f3 que por su edad est\u00e9 haciendo pel\u00edculas m\u00e1s serias o se haya hecho m\u00e1s serio en su car\u00e1cter.<\/span><\/p>\n<p style=\"text-align: justify;\"><span style=\"font-size: 10pt; color: #000000;\">&#8220;No es verdad en mi caso. No me he vuelto m\u00e1s serio. Siempre he querido ser un director serio como Bergman. Me lanc\u00e9 en el humor porque creo que tengo un don. Nadie me daba dinero para otra cosa&#8221; , afirm\u00f3 el realizador de &#8220;Manhattan&#8221; .<\/span><\/p>\n<p style=\"text-align: justify;\"><span style=\"font-size: 10pt; color: #000000;\">Allen tambi\u00e9n confes\u00f3 que no vuelve a ver sus pel\u00edculas despu\u00e9s de terminarlas y que volver\u00eda a hacer todas para mejorarlas.<\/span><\/p>\n<p style=\"text-align: justify;\"><span style=\"font-size: 10pt; color: #000000;\">&#8220;Cuando hago un filme no lo vuelvo a ver porque de otra manera no se ven m\u00e1s que los defectos y me dir\u00eda que tendr\u00eda que haber mejorado eso o lo otro&#8221; , coment\u00f3 Allen, quien se defini\u00f3 como un cineasta &#8220;instintivo&#8221; .<\/span><\/p>\n<p style=\"text-align: justify;\"><span style=\"font-size: 10pt; color: #000000;\">Cuestionado por la serie de seis cap\u00edtulos que rueda para la televisi\u00f3n, el director lament\u00f3 haberse embarcado en el proyecto.<\/span><\/p>\n<p style=\"text-align: justify;\"><span style=\"font-size: 10pt; color: #000000;\">&#8220;Ha sido un error catastr\u00f3fico por mi parte. Lucho sin cesar sobre ese proyecto, pero es muy dif\u00edcil. Pienso que no deb\u00ed hacerlo, mejor que hubiera hecho una pel\u00edcula&#8221; , dijo.<\/span><\/p>\n<p style=\"text-align: justify;\"><span style=\"font-size: 10pt; color: #000000;\">&#8220;Hacer seis episodios es extremadamente dif\u00edcil y espero no decepcionar. No s\u00e9 que hago, espero que no sea una verg\u00fcenza c\u00f3smica cuando salga la serie&#8221; , concluy\u00f3.<\/span><\/p>\n","protected":false},"excerpt":{"rendered":"<p>El m\u00edtico director neoyorkino Woody Allen, quien cumplir\u00e1 80 a\u00f1os en 2015, asegur\u00f3 que hace pel\u00edculas para &#8220;distraerse&#8221; de los problemas de la vida, no pensar en la muerte ni en su decadencia f\u00edsica. &#8220;Lo \u00fanico que se puede hacer en la vida es distraerse (&#8230;) Para eso hago pel\u00edculas, que es una distracci\u00f3n maravillosa. [&hellip;]<\/p>\n","protected":false},"author":93,"featured_media":0,"comment_status":"open","ping_status":"open","sticky":false,"template":"","format":"standard","meta":{"footnotes":""},"categories":[38],"tags":[],"class_list":["post-5210","post","type-post","status-publish","format-standard","hentry","category-show"],"_links":{"self":[{"href":"https:\/\/plazajuarez.mx\/historico\/wp-json\/wp\/v2\/posts\/5210","targetHints":{"allow":["GET"]}}],"collection":[{"href":"https:\/\/plazajuarez.mx\/historico\/wp-json\/wp\/v2\/posts"}],"about":[{"href":"https:\/\/plazajuarez.mx\/historico\/wp-json\/wp\/v2\/types\/post"}],"author":[{"embeddable":true,"href":"https:\/\/plazajuarez.mx\/historico\/wp-json\/wp\/v2\/users\/93"}],"replies":[{"embeddable":true,"href":"https:\/\/plazajuarez.mx\/historico\/wp-json\/wp\/v2\/comments?post=5210"}],"version-history":[{"count":0,"href":"https:\/\/plazajuarez.mx\/historico\/wp-json\/wp\/v2\/posts\/5210\/revisions"}],"wp:attachment":[{"href":"https:\/\/plazajuarez.mx\/historico\/wp-json\/wp\/v2\/media?parent=5210"}],"wp:term":[{"taxonomy":"category","embeddable":true,"href":"https:\/\/plazajuarez.mx\/historico\/wp-json\/wp\/v2\/categories?post=5210"},{"taxonomy":"post_tag","embeddable":true,"href":"https:\/\/plazajuarez.mx\/historico\/wp-json\/wp\/v2\/tags?post=5210"}],"curies":[{"name":"wp","href":"https:\/\/api.w.org\/{rel}","templated":true}]}}