{"id":5209,"date":"2015-05-16T05:00:00","date_gmt":"2015-05-16T05:00:00","guid":{"rendered":"http:\/\/plazajuarez.mx\/index\/index.php\/2015\/05\/16\/el-snte-tiene-un-lider-institucional\/"},"modified":"2015-05-16T05:00:00","modified_gmt":"2015-05-16T05:00:00","slug":"el-snte-tiene-un-lider-institucional","status":"publish","type":"post","link":"https:\/\/plazajuarez.mx\/historico\/el-snte-tiene-un-lider-institucional\/","title":{"rendered":"El SNTE tiene un l\u00edder institucional"},"content":{"rendered":"<ul>\n<li style=\"text-align: justify;\"><span style=\"font-size: 10pt; color: #000000;\">El gobernador del estado, afirm\u00f3 que Francisco Sinuh\u00e9 Ram\u00edrez no es un l\u00edder mesi\u00e1nico que s\u00f3lo ve por el poder<\/span><\/li>\n<li style=\"text-align: justify;\"><span style=\"font-size: 10pt; color: #000000;\">\u00a0Asiste al festejo del D\u00eda del Maestro, en quienes reconoci\u00f3 el ej\u00e9rcito de la labor educativa<\/span><\/li>\n<\/ul>\n<p style=\"text-align: justify;\"><span style=\"font-size: 10pt; color: #000000;\">\u00a0Este viernes, el gobernador del estado, Jos\u00e9 Francisco Olvera Ruiz, encabez\u00f3 el festejo del D\u00eda del Maestro con miles de docentes que se dieron cita en conocido sal\u00f3n de fiestas en la capital hidalguenses, donde reconoci\u00f3 el liderazgo de Francisco Sinuh\u00e9 Ram\u00edrez Oviedo, al frente del Sindicato Nacional de Trabajadores de la\u00a0 Educaci\u00f3n (SNTE), el \u00fanico sindicato legal y reconocido en el pa\u00eds y en Hidalgo, recalc\u00f3.<\/span><\/p>\n<p>  <!--more-->  <\/p>\n<p style=\"text-align: justify;\">\u00a0<\/p>\n<p style=\"text-align: justify;\"><span style=\"font-size: 10pt; color: #000000;\">Igualmente, resalt\u00f3 la unidad y fortaleza con la que hoy cuenta el gremio magisterial, de lo cual dieron muestra el pasado primero de mayo, en la marcha por el D\u00eda del Trabajo, donde participaron m\u00e1s de 50 mil docentes hidalguenses.<\/span><\/p>\n<p style=\"text-align: justify;\"><span style=\"font-size: 10pt; color: #000000;\">El Jefe del Ejecutivo local, resalt\u00f3 que dicha unidad es ejemplo en todo M\u00e9xico, sobre todo por la actitud sindical que hoy tienen los y las maestras de la entidad, la cual ha sido impulsada porque hay un l\u00edder -dijo- \u201cInstitucional y no mesi\u00e1nico\u201d, que busca el empoderamiento y el poder por el poder, por ello sentenci\u00f3 que \u201cpara m\u00ed hay un solo l\u00edder y ese es Francisco Sinuh\u00e9\u201d.<\/span><\/p>\n<p style=\"text-align: justify;\"><span style=\"font-size: 10pt; color: #000000;\">Olvera Ruiz, refrend\u00f3 que en Hidalgo se est\u00e1 convencido de que la tarea que forjar\u00e1 un futuro igualitario para todos los hidalguenses es la educativa, y para ello no hay mejor ej\u00e9rcito que el de las y los maestros para lograrlo.<\/span><\/p>\n<p style=\"text-align: justify;\"><span style=\"font-size: 10pt; color: #000000;\">Por su parte, ante miles de maestras y maestros hidalguenses, el l\u00edder sindical, Francisco Sinuh\u00e9 Ram\u00edrez, reiter\u00f3 que en Hidalgo el SNTE est\u00e1 m\u00e1s unido que nunca y consciente de que el tesoro m\u00e1s grande de nuestra naci\u00f3n es la escuela p\u00fablica y con ellos los maestros, quienes han decidido tomar el compromiso, cada d\u00eda, de ser mejores.<\/span><\/p>\n<p style=\"text-align: justify;\"><span style=\"font-size: 10pt; color: #000000;\">Sentenci\u00f3 que pobres de aquellos que insisten en se\u00f1alar al gremio, pues hoy se deja claro a todos aquellos que el SNTE ya no ser\u00e1 m\u00e1s un gremio de caciques y que en definitiva, ya nunca m\u00e1s ser\u00e1 un sindicato de \u201creina y princesas\u201d y que jam\u00e1s se volver\u00e1 a la era de la santa inquisici\u00f3n sindical, todo ello con la Unidad del gremio.<\/span><\/p>\n<p style=\"text-align: justify;\"><span style=\"font-size: 10pt; color: #000000;\">Por todo lo anterior, advirti\u00f3 que hoy se deja claro a todo mundo que aquel que toca a un solo trabajador de la educaci\u00f3n, habr\u00e1 de trastocar a los m\u00e1s de 50 mil docentes.<\/span><\/p>\n<p style=\"text-align: justify;\"><span style=\"font-size: 10pt; color: #000000;\">Finalmente, Ram\u00edrez Oviedo recalc\u00f3 el respaldo que se tienen en Hidalgo de la representaci\u00f3n sindical a nivel nacional, muestra de ellos son los logros que se obtuvieron como parte del pliego petitorio 2015, entre los que destacan para la entidad la regularizaci\u00f3n de trabajadores que estaban por contrato, a los cuales anunci\u00f3 que en pr\u00f3ximos d\u00edas se les har\u00e1 entrega de su seguridad laboral.<\/span><\/p>\n","protected":false},"excerpt":{"rendered":"<p>El gobernador del estado, afirm\u00f3 que Francisco Sinuh\u00e9 Ram\u00edrez no es un l\u00edder mesi\u00e1nico que s\u00f3lo ve por el poder \u00a0Asiste al festejo del D\u00eda del Maestro, en quienes reconoci\u00f3 el ej\u00e9rcito de la labor educativa \u00a0Este viernes, el gobernador del estado, Jos\u00e9 Francisco Olvera Ruiz, encabez\u00f3 el festejo del D\u00eda del Maestro con miles [&hellip;]<\/p>\n","protected":false},"author":1,"featured_media":0,"comment_status":"open","ping_status":"open","sticky":false,"template":"","format":"standard","meta":{"footnotes":""},"categories":[59],"tags":[],"class_list":["post-5209","post","type-post","status-publish","format-standard","hentry","category-general"],"_links":{"self":[{"href":"https:\/\/plazajuarez.mx\/historico\/wp-json\/wp\/v2\/posts\/5209","targetHints":{"allow":["GET"]}}],"collection":[{"href":"https:\/\/plazajuarez.mx\/historico\/wp-json\/wp\/v2\/posts"}],"about":[{"href":"https:\/\/plazajuarez.mx\/historico\/wp-json\/wp\/v2\/types\/post"}],"author":[{"embeddable":true,"href":"https:\/\/plazajuarez.mx\/historico\/wp-json\/wp\/v2\/users\/1"}],"replies":[{"embeddable":true,"href":"https:\/\/plazajuarez.mx\/historico\/wp-json\/wp\/v2\/comments?post=5209"}],"version-history":[{"count":0,"href":"https:\/\/plazajuarez.mx\/historico\/wp-json\/wp\/v2\/posts\/5209\/revisions"}],"wp:attachment":[{"href":"https:\/\/plazajuarez.mx\/historico\/wp-json\/wp\/v2\/media?parent=5209"}],"wp:term":[{"taxonomy":"category","embeddable":true,"href":"https:\/\/plazajuarez.mx\/historico\/wp-json\/wp\/v2\/categories?post=5209"},{"taxonomy":"post_tag","embeddable":true,"href":"https:\/\/plazajuarez.mx\/historico\/wp-json\/wp\/v2\/tags?post=5209"}],"curies":[{"name":"wp","href":"https:\/\/api.w.org\/{rel}","templated":true}]}}