{"id":51084,"date":"2017-10-30T15:25:55","date_gmt":"2017-10-30T15:25:55","guid":{"rendered":"http:\/\/plazajuarez.mx\/index\/index.php\/2017\/10\/30\/carolina-y-el-mar-2\/"},"modified":"2020-04-14T20:24:42","modified_gmt":"2020-04-14T20:24:42","slug":"carolina-y-el-mar-2","status":"publish","type":"post","link":"https:\/\/plazajuarez.mx\/historico\/carolina-y-el-mar-2\/","title":{"rendered":"Carolina y el Mar"},"content":{"rendered":"<p>DE CUERPO ENTERO<br \/>Nunca han hablado claro y de frente, ambas tiene pena o no saben qu\u00e9 decir primero, sienten que esta farsa de que aqu\u00ed todo es \u201cnormal\u201d, les hace vivir aligeradas. A Caro le gusta vestir con la moda en lo alto, su cuerpo con tendencia a la robustez, no deja de ser atractivo, con una nariz recta y de perfil claro hacen de su rostro una cara atractiva pero dir\u00edase bella y sugerente; el caminar tanto por las playas del inmenso mar, le han dado a sus piernas una forma sedosa y resistencia de m\u00e1rmol. Caro es una mujer fina, bella y femenina.<\/p>\n<p>  <!--more-->  <\/p>\n<p>No era la primera vez que la ve\u00eda, a fuerza de aceptar con pena, casi desde que empezaron los fuertes calores ha buscado con singular desenfado todos los momentos propicios para estar cerca, para verle el rostro con el brillo del mar, o para escuchar de lejos los ruidos de sus palabras y voces; le seduce verla cuando con desparpajo inaudito se mete al mar, y como si quisiera caminar sobre las aguas con sal, corre, brinca y se llena el rostro de agua, se inunda su largo pelo, y dando la espalda al mar infinito se regresa dibujando en el azul claro una bella silueta. Le basta verla para adivinar casi todos sus pasos, sabe por ejemplo que le gusta beber agua, mucha agua, y que cuando sonr\u00ede sus dientes blancos parecen que alumbran la penumbra de la noche.<br \/>\u00a0\u00a0 \u00a0La temporada de calores se prolonga hasta entrado el mes de agosto, y para cuando las lluvias llegan, ella, su amor de siempre, suele dejar de ir al mar. Han pasado tantos a\u00f1os que bien recuerda que cuando era adolescente sol\u00eda acercarse todas las tardes del verano, y despu\u00e9s al grito en\u00e9rgico de su madre salir corriendo para su casa; no puede borrar de su cabeza aquella tarde de julio, cuando como jugando una broma se despidi\u00f3 con un beso claro en su mejilla, lo tibio de sus labios lo ha guardado para siempre.<br \/>\u00a0\u00a0 \u00a0Cuando la noche cae, Carolina suele sentarse en la arena y mirar el mar, contemplar esos ruidos que solo en el mar se ven, y llenarse los pulmones del golpeteo de las olas en brama, que por la noche se revuelcan en las playas, le gusta mojarse los pies, y seguir pensando en lo mismo.<br \/>Para \u00a0Caro el amor es el mar, es el cielo estrellado de octubre, o son las olas bravas de agosto.<br \/>Cuando era peque\u00f1a so\u00f1\u00f3 siempre en navegar en esos barcos gigantes que se atracan en el muelle, en correr sin parar por las aguas lejanas, en vivir combates de cuentos, y ya ca\u00edda la noche regresar a puerto seguro; quiso ser marinera pero no la aceptaron porque se trataba de oficios solo para hombres, quiz\u00e1s por eso se qued\u00f3 para siempre en la playa. Sus amigas de entonces como la espuma que dejan las olas se esfumaron, se fueron para andar los caminos que dicen deben andarse, se casaron y tuvieron hijos. Carolina se qued\u00f3 en el mar, y desde hace muchos a\u00f1os vende collares de conchas, pulseras brillantes y huipiles coste\u00f1os, ahora que recuerda nunca ha faltado al mar.<br \/>Carolina tiene 52 a\u00f1os de edad y no se ha cansado del amor. Sus d\u00edas son eternos cuando no la ve, cuando sabe que el mar est\u00e1 incompleto porque ella no ha llegado, o cuando se entera que dej\u00f3 la playa por esos motivos mundanos llamados de trabajo.<br \/>Sintiendo un sudor fr\u00edo que le carcome el cuerpo recuerda todos los d\u00edas cuando ella dej\u00f3 de asistir al mar, cuando corriendo por las calles del puerto, con el pretexto de vender sus ch\u00e1charas se meti\u00f3 al mismo hospital del Seguro Social para calmar el dolor agudo de su coraz\u00f3n, y solo a trav\u00e9s de una gruesa ventana la vio, la contempl\u00f3 asida de unos barrotes con los ojos hinchados, y una pierna enyesada, ella hab\u00eda sufrido un accidente, pero estaba viva, Carolina llor\u00f3 en silencio con una bendita alegr\u00eda.<br \/>Carolina sabe que nunca podr\u00e1 decirle lo mucho que la ama, acepta que nunca podr\u00e1 acariciar su suave pelo, y se conforma con verla, con sentirla cerca, muy cerca del mar y de su alma. Caro ha hecho muchas veredas en la mar, parece como si supiera de memoria cada ola que revienta por las tardes; se habla de t\u00fa con los graznidos de las aves, pero todo el brillo austero de las tardes de agosto, la lluvia suave sobre un mar tolerante, o las estrellas chismosas que salen muy temprano, no son nada si ella no est\u00e1 presente. Es a veces el amor tan puro y fresco, que no hace falta decirlo, tocarlo o devorarlo, Caro lo sabe y sue\u00f1a con seguir disfrutando de su compa\u00f1\u00eda. Ella tiene 25 a\u00f1os y gusta tambi\u00e9n del mar.<br \/>Muchas veces Caro se ha preguntado de su ser diferente, m\u00e1s cuando su hermana menor, como para hacer m\u00e1s leve los rumores del pueblo que no faltan, ha inventado que se qued\u00f3 solo por una pena de amor, por una vieja desilusi\u00f3n que le parti\u00f3 el coraz\u00f3n. Son a veces tan realas las historias que su apenada hermana inventa, que la misma Caro se ha cre\u00eddo. <br \/>Nunca han hablado claro y de frente, ambas tiene pena o no saben qu\u00e9 decir primero, sienten que esta farsa de que aqu\u00ed todo es \u201cnormal\u201d, les hace vivir aligeradas. A Caro le gusta vestir con la moda en lo alto, su cuerpo con tendencia a la robustez, no deja de ser atractivo, con una nariz recta y de perfil claro hacen de su rostro una cara atractiva pero dir\u00edase bella y sugerente; el caminar tanto por las playas del inmenso mar, le han dado a sus piernas una forma sedosa y resistencia de m\u00e1rmol. Caro es una mujer fina, bella y femenina.<br \/>Caro celebra la experiencia del amor, y sabe que todav\u00eda en este mundo confuso, contradictorio y sin sentido, su lugar, el lugar para SU AMOR aun non encuentra cabida. Hoy mismo est\u00e1 segura que es tan fuerte e intensa la pasi\u00f3n de su alma, que aunque ella nunca se entere de las miles de veces que su coraz\u00f3n late al ritmo de sus recuerdos, o de que no aprenda a mirar los recados de amor que las estrellas tempranas han guardado por siempre, o de que no sepa descifrar las notas de las olas del mar, para Caro el que exista le es suficiente para celebrar la existencia del amor.<br \/>Carolina naci\u00f3 para el amor, y \u00e9ste le debe mucho, mucho, mucho\u2026<\/p>\n","protected":false},"excerpt":{"rendered":"<p>DE CUERPO ENTERONunca han hablado claro y de frente, ambas tiene pena o no saben qu\u00e9 decir primero, sienten que esta farsa de que aqu\u00ed todo es \u201cnormal\u201d, les hace vivir aligeradas. A Caro le gusta vestir con la moda en lo alto, su cuerpo con tendencia a la robustez, no deja de ser atractivo, [&hellip;]<\/p>\n","protected":false},"author":93,"featured_media":0,"comment_status":"open","ping_status":"open","sticky":false,"template":"","format":"standard","meta":{"footnotes":""},"categories":[82,42],"tags":[68],"class_list":["post-51084","post","type-post","status-publish","format-standard","hentry","category-dr-antonio-peralta-sanchez","category-nuestrapalabra","tag-doctor-peralta"],"_links":{"self":[{"href":"https:\/\/plazajuarez.mx\/historico\/wp-json\/wp\/v2\/posts\/51084","targetHints":{"allow":["GET"]}}],"collection":[{"href":"https:\/\/plazajuarez.mx\/historico\/wp-json\/wp\/v2\/posts"}],"about":[{"href":"https:\/\/plazajuarez.mx\/historico\/wp-json\/wp\/v2\/types\/post"}],"author":[{"embeddable":true,"href":"https:\/\/plazajuarez.mx\/historico\/wp-json\/wp\/v2\/users\/93"}],"replies":[{"embeddable":true,"href":"https:\/\/plazajuarez.mx\/historico\/wp-json\/wp\/v2\/comments?post=51084"}],"version-history":[{"count":0,"href":"https:\/\/plazajuarez.mx\/historico\/wp-json\/wp\/v2\/posts\/51084\/revisions"}],"wp:attachment":[{"href":"https:\/\/plazajuarez.mx\/historico\/wp-json\/wp\/v2\/media?parent=51084"}],"wp:term":[{"taxonomy":"category","embeddable":true,"href":"https:\/\/plazajuarez.mx\/historico\/wp-json\/wp\/v2\/categories?post=51084"},{"taxonomy":"post_tag","embeddable":true,"href":"https:\/\/plazajuarez.mx\/historico\/wp-json\/wp\/v2\/tags?post=51084"}],"curies":[{"name":"wp","href":"https:\/\/api.w.org\/{rel}","templated":true}]}}