{"id":506,"date":"2015-02-09T06:00:00","date_gmt":"2015-02-09T06:00:00","guid":{"rendered":"http:\/\/plazajuarez.mx\/index\/index.php\/2015\/02\/09\/inauguran-foro-estatal-de-prevencion-de-accidentes-viales\/"},"modified":"2015-02-09T06:00:00","modified_gmt":"2015-02-09T06:00:00","slug":"inauguran-foro-estatal-de-prevencion-de-accidentes-viales","status":"publish","type":"post","link":"https:\/\/plazajuarez.mx\/historico\/inauguran-foro-estatal-de-prevencion-de-accidentes-viales\/","title":{"rendered":"Inauguran Foro Estatal de Prevenci\u00f3n de Accidentes Viales"},"content":{"rendered":"<p>Con m\u00e1s de 300 asistentes entre estudiantes de nivel medio superior y superior, representantes de las organizaciones de la sociedad civil;\u00a0 asociaciones de ciclistas, peatones y motociclistas, bomberos, consejeros del Consejo Estatal Prevenci\u00f3n de Accidentes (COEPRA), personal de salud y de ayuntamientos del Estado, la Secretaria T\u00e9cnica del COEPRA y Subsecretaria de Salud P\u00fablica, Mar\u00eda Dolores Osorio Pi\u00f1a inaugur\u00f3 el Foro Estatal de Prevenci\u00f3n de Accidentes Viales.<\/p>\n<p>  <!--more-->  <\/p>\n<p>\u00a0<\/p>\n<p>\u00a0<\/p>\n<p>El foro fue organizado por COEPRA, en el cual se dio a conocer el panorama epidemiol\u00f3gico de los accidentes viales de la entidad, as\u00ed como las l\u00edneas de acci\u00f3n en la prevenci\u00f3n y perspectivas 2015 de Instituciones integrantes del Consejo y organizaciones de la sociedad civil.<\/p>\n<p>\u00a0<\/p>\n<p>Osorio Pi\u00f1a, destac\u00f3 que esta actividad traer\u00e1 un beneficio importante para la salud de la poblaci\u00f3n hidalguense en la prevenci\u00f3n de accidentes viales, ya que las lesiones por esta causa se han convertido en un importante problema de salud p\u00fablica en todo el mundo que requiere reforzar la atenci\u00f3n inmediata de los gobiernos.<\/p>\n<p>\u00a0<\/p>\n<p>Agreg\u00f3 que para la Secretar\u00eda\u00a0 de Salud de Hidalgo (SSH) tiene el objetivo y compromiso fundamental con la sociedad de cuidar y proteger su salud, por ello se trabaja permanentemente en el COEPRA con las 27 instituciones que lo conforman para reforzar las acciones de promoci\u00f3n y prevenci\u00f3n para evitar la ocurrencia de accidentes de tr\u00e1nsito debidas al no uso del cintur\u00f3n de seguridad y de la silla de retenci\u00f3n para infantes, el uso de distractores (tel\u00e9fonos celulares), y consumo de alcohol.<\/p>\n<p>\u00a0<\/p>\n<p>Se\u00f1al\u00f3 que, de acuerdo a datos de INEGI \/ CONAPO 2012 Hidalgo registro cuatro mil 727 accidentes viales y mil 917 heridos, de los cuales el municipio de Mineral de la Reforma concentra el 34 por ciento de los accidentes, seguido de\u00a0 Pachuca y Tulancingo con el 27 y 14 por ciento respectivamente. El Sistema \u00danico de Informaci\u00f3n para la Vigilancia Epidemiol\u00f3gica, registr\u00f3 para el mismo a\u00f1o\u00a0 mil 889 accidentes de camiones de\u00a0 autotransporte y 145 peatones lesionados en el Estado.<\/p>\n<p>\u00a0<\/p>\n<p>Tambi\u00e9n dijo, que a nivel estatal los accidentes viales ocupan el sexto lugar como causa de defunci\u00f3n con 428 muertes, adem\u00e1s destac\u00f3 un incremento en usuarios de motocicletas con el 60 por ciento y los decesos de ciclistas 33.3 por ciento.<\/p>\n<p>\u00a0<\/p>\n<p>Asimismo, durante el evento se hizo entrega de 59 reconocimientos a los integrantes de las diferentes instituciones del COEPRA que participaron (trabajadores de tr\u00e1nsito, ingenieros y arquitectos de obras p\u00fablicas, entre otros) en el \u201cCurso de Auditor\u00eda Vial\u201d otorgado por la Federaci\u00f3n y realizado del 26 al 29 de enero del a\u00f1o en curso, cuyo objetivo es identificar todos aquellos factores de riesgo como: falta de iluminaci\u00f3n, banquetas inadecuadas, carencia o exceso de se\u00f1alizaci\u00f3n vertical y horizontal, falta de sem\u00e1foros, entre otros.<\/p>\n<p>\u00a0<\/p>\n<p>Lo anterior permitir\u00e1: la disminuci\u00f3n de la siniestralidad y gravedad en los accidentes de tr\u00e1nsito; disminuci\u00f3n de muertes a consecuencia de accidentes ocurridos en los caminos; eficientar el desplazamiento o movilidad de todos los usuarios, adem\u00e1s de crear conciencia en los constructores de carreteras y caminos sobre la importancia de la seguridad vial.<\/p>\n<p>\u00a0<\/p>\n<p>Para finalizar, Osorio Pi\u00f1a invit\u00f3 a los asistentes y a la poblaci\u00f3n hidalguense a sumarse en la implementaci\u00f3n de acciones para mejorar el comportamiento de los usuarios de las vialidades, adem\u00e1s de efectuar la formulaci\u00f3n y ejecuci\u00f3n de estrategias y programas de seguridad vial evaluables los cuales tendr\u00e1n un impacto directo en la disminuci\u00f3n de accidentes viales.<\/p>\n<p>\u00a0<\/p>\n<p>En la inauguraci\u00f3n tambi\u00e9n estuvieron presentes: Roc\u00edo Tello Zamorano, Presidenta de la Comisi\u00f3n de Salud del Congreso del Estado de Hidalgo; Jos\u00e9 Antonio Copca Garc\u00eda, Subsecretario de Prestaci\u00f3n de Servicios de la SSH; Guillermo Peredo Montes, Director General del Instituto Hidalguense de la Juventud; por mencionar algunos.<\/p>\n","protected":false},"excerpt":{"rendered":"<p>Con m\u00e1s de 300 asistentes entre estudiantes de nivel medio superior y superior, representantes de las organizaciones de la sociedad civil;\u00a0 asociaciones de ciclistas, peatones y motociclistas, bomberos, consejeros del Consejo Estatal Prevenci\u00f3n de Accidentes (COEPRA), personal de salud y de ayuntamientos del Estado, la Secretaria T\u00e9cnica del COEPRA y Subsecretaria de Salud P\u00fablica, Mar\u00eda [&hellip;]<\/p>\n","protected":false},"author":93,"featured_media":0,"comment_status":"open","ping_status":"open","sticky":false,"template":"","format":"standard","meta":{"footnotes":""},"categories":[59],"tags":[],"class_list":["post-506","post","type-post","status-publish","format-standard","hentry","category-general"],"_links":{"self":[{"href":"https:\/\/plazajuarez.mx\/historico\/wp-json\/wp\/v2\/posts\/506","targetHints":{"allow":["GET"]}}],"collection":[{"href":"https:\/\/plazajuarez.mx\/historico\/wp-json\/wp\/v2\/posts"}],"about":[{"href":"https:\/\/plazajuarez.mx\/historico\/wp-json\/wp\/v2\/types\/post"}],"author":[{"embeddable":true,"href":"https:\/\/plazajuarez.mx\/historico\/wp-json\/wp\/v2\/users\/93"}],"replies":[{"embeddable":true,"href":"https:\/\/plazajuarez.mx\/historico\/wp-json\/wp\/v2\/comments?post=506"}],"version-history":[{"count":0,"href":"https:\/\/plazajuarez.mx\/historico\/wp-json\/wp\/v2\/posts\/506\/revisions"}],"wp:attachment":[{"href":"https:\/\/plazajuarez.mx\/historico\/wp-json\/wp\/v2\/media?parent=506"}],"wp:term":[{"taxonomy":"category","embeddable":true,"href":"https:\/\/plazajuarez.mx\/historico\/wp-json\/wp\/v2\/categories?post=506"},{"taxonomy":"post_tag","embeddable":true,"href":"https:\/\/plazajuarez.mx\/historico\/wp-json\/wp\/v2\/tags?post=506"}],"curies":[{"name":"wp","href":"https:\/\/api.w.org\/{rel}","templated":true}]}}