{"id":503,"date":"2015-02-08T06:00:00","date_gmt":"2015-02-08T06:00:00","guid":{"rendered":"http:\/\/plazajuarez.mx\/index\/index.php\/2015\/02\/08\/garantiza-seph-espacio-para-todos-los-alumnos-2\/"},"modified":"2015-02-08T06:00:00","modified_gmt":"2015-02-08T06:00:00","slug":"garantiza-seph-espacio-para-todos-los-alumnos-2","status":"publish","type":"post","link":"https:\/\/plazajuarez.mx\/historico\/garantiza-seph-espacio-para-todos-los-alumnos-2\/","title":{"rendered":"Garantiza SEPH espacio  para todos los alumnos"},"content":{"rendered":"<p>EN EL NIVEL B\u00c1SICO <\/p>\n<ul>\n<li>Periodo de preinscripciones abierto hasta el 17 de febrero en los planteles oficiales<\/li>\n<li>Priorizan cercan\u00eda de planteles con hogar de los menores <!--more--> <\/li>\n<\/ul>\n<p>El pasado 3 de febrero dio inicio el periodo de preinscripciones para el nivel b\u00e1sico, donde la Secretar\u00eda de Educaci\u00f3n P\u00fablica (SEP) en Hidalgo asegur\u00f3 habr\u00e1 espacio en los planteles educativos para todas los interesados.<\/p>\n<p>\u00a0<\/p>\n<p>Fernando Cuatepotzo Costeira, subsecretario de planeaci\u00f3n de la SEPH apunt\u00f3 que se est\u00e1n recuperando las pol\u00edticas p\u00fablicas que se han dise\u00f1ado a nivel federal en materia de cobertura, donde se garantiza a todos los ni\u00f1os y ni\u00f1as en edad escolar un espacio y que \u00e9ste, se les asigne en relaci\u00f3n a su domicilio.<\/p>\n<p>\u00a0<\/p>\n<p>Agreg\u00f3 que no habr\u00e1 infante que no sea atendido, puesto que uno de los derechos de los ni\u00f1os es acceder a educaci\u00f3n b\u00e1sica, de manera organizada y con tr\u00e1mites gratuitos.<\/p>\n<p>\u00a0<\/p>\n<p>Cabe mencionar que el tr\u00e1mite a realizar por las madres y padres de familia se efectuar\u00e1 en los planteles correspondientes hasta el pr\u00f3ximo 16 de febrero, a fin de asegurar un espacio para cada uno de los estudiantes.<\/p>\n<p>\u00a0<\/p>\n<p>En lo que corresponde al nivel preescolar, podr\u00e1n inscribirse por primera ocasi\u00f3n, a segundo y tercer grado, los infantes con cuatro o cinco a\u00f1os cumplidos al 31 de diciembre, respectivamente.<\/p>\n<p>\u00a0<\/p>\n<p>Mientras que los alumnos a inscribirse en primer a\u00f1o de primaria, deber\u00e1n ser los que terminaron o actualmente cursan el tercer grado de preescolar en una escuela p\u00fablica o privada y que tenga seis a\u00f1os cumplidos al 31 de diciembre.<\/p>\n<p>\u00a0<\/p>\n<p>Finalmente, los adolescentes menores a los 15 a\u00f1os podr\u00e1n preinscribirse a secundaria, siempre y cuando hayan acreditado o est\u00e9n por concluir el sexto grado de primaria en una escuela oficial o particular.<\/p>\n","protected":false},"excerpt":{"rendered":"<p>EN EL NIVEL B\u00c1SICO Periodo de preinscripciones abierto hasta el 17 de febrero en los planteles oficiales Priorizan cercan\u00eda de planteles con hogar de los menores<\/p>\n","protected":false},"author":93,"featured_media":0,"comment_status":"open","ping_status":"open","sticky":false,"template":"","format":"standard","meta":{"footnotes":""},"categories":[59],"tags":[],"class_list":["post-503","post","type-post","status-publish","format-standard","hentry","category-general"],"_links":{"self":[{"href":"https:\/\/plazajuarez.mx\/historico\/wp-json\/wp\/v2\/posts\/503","targetHints":{"allow":["GET"]}}],"collection":[{"href":"https:\/\/plazajuarez.mx\/historico\/wp-json\/wp\/v2\/posts"}],"about":[{"href":"https:\/\/plazajuarez.mx\/historico\/wp-json\/wp\/v2\/types\/post"}],"author":[{"embeddable":true,"href":"https:\/\/plazajuarez.mx\/historico\/wp-json\/wp\/v2\/users\/93"}],"replies":[{"embeddable":true,"href":"https:\/\/plazajuarez.mx\/historico\/wp-json\/wp\/v2\/comments?post=503"}],"version-history":[{"count":0,"href":"https:\/\/plazajuarez.mx\/historico\/wp-json\/wp\/v2\/posts\/503\/revisions"}],"wp:attachment":[{"href":"https:\/\/plazajuarez.mx\/historico\/wp-json\/wp\/v2\/media?parent=503"}],"wp:term":[{"taxonomy":"category","embeddable":true,"href":"https:\/\/plazajuarez.mx\/historico\/wp-json\/wp\/v2\/categories?post=503"},{"taxonomy":"post_tag","embeddable":true,"href":"https:\/\/plazajuarez.mx\/historico\/wp-json\/wp\/v2\/tags?post=503"}],"curies":[{"name":"wp","href":"https:\/\/api.w.org\/{rel}","templated":true}]}}