{"id":4999,"date":"2015-05-12T05:00:00","date_gmt":"2015-05-12T05:00:00","guid":{"rendered":"http:\/\/plazajuarez.mx\/index\/index.php\/2015\/05\/12\/niega-javier-arana-que-el-panal-de-abejas-alborotadas-estuviera-en-un-predio-de-su-propiedad\/"},"modified":"2015-05-12T05:00:00","modified_gmt":"2015-05-12T05:00:00","slug":"niega-javier-arana-que-el-panal-de-abejas-alborotadas-estuviera-en-un-predio-de-su-propiedad","status":"publish","type":"post","link":"https:\/\/plazajuarez.mx\/historico\/niega-javier-arana-que-el-panal-de-abejas-alborotadas-estuviera-en-un-predio-de-su-propiedad\/","title":{"rendered":"Niega Javier Arana que el panal de abejas alborotadas estuviera en un predio de su propiedad"},"content":{"rendered":"<p><strong>Tula de Allende<\/strong><\/p>\n<ul>\n<li><strong>\u201cEs de mi cu\u00f1ada, yo s\u00f3lo soy el encargado\u201d<\/strong><\/li>\n<li><strong>En ese predio se construye una barda perimetral, \u201cestamos acondicionando para hacerle a mi hijo un campo de f\u00fatbol con la autorizaci\u00f3n de mi cu\u00f1ada\u201d<\/strong><\/li>\n<li><strong><strong>Tener una cu\u00f1ada as\u00ed, o ser una cu\u00f1ada as\u00ed\u2026 no tiene precio<\/strong><\/strong> <!--more--> <\/li>\n<\/ul>\n<p>Javier Arana Hern\u00e1ndez, s\u00edndico procurador hacendario, neg\u00f3 que el panal de abejas que fue alborotado y que dej\u00f3 cerca de una treintena de personas con picaduras, hubiese estado en uno de los\u00a0 \u00e1rboles del predio que, asegur\u00f3 que no es de su propiedad sino de su cu\u00f1ada y del que \u00e9l s\u00f3lo es encargado.<\/p>\n<p>Arana Hern\u00e1ndez reconoci\u00f3 que con anterioridad en el predio ubicado sobre la carretera Nantzh\u00e1-San Andr\u00e9s, localizado a unos metros del jard\u00edn de ni\u00f1os se realiz\u00f3 la poda de varios \u00e1rboles, as\u00ed como la tala de uno que estaba \u201cpodrido\u201d y que corr\u00eda el riesgo de caer hacia la carretera.<\/p>\n<p>Pero neg\u00f3 que el pasado domingo en que se suscitaron los hechos de ataque de abejas a varias persona \u00e9l haya mandado a derribar el panal que asegura se encontraba en uno de los \u00e1rboles del predio colindante y en el cual se realizan trabajos de construcci\u00f3n del bardado perimetral donde coment\u00f3: \u201cEstamos acondicionado para hacerle a mi hijo un campo de f\u00fatbol con la autorizaci\u00f3n de mi cu\u00f1ada quien es la propietaria\u201d.<\/p>\n<p>Recalc\u00f3 que \u00e9l no tiene nada que ver con el ataque de las abejas, precis\u00f3 \u201cSi hubiera sabido que en alguno de los \u00e1rboles que efectivamente est\u00e1n dentro de la propiedad que los vecinos se\u00f1alan como de mi propiedad hubiera llamado a los bomberos para que ellos con toda precauci\u00f3n realizaran su trabajo con seguridad para todos\u201d.<\/p>\n<p>Dijo que si bien no tiene ninguna responsabilidad en los da\u00f1os que sufrieron los afectados, como ciudadano apoyar\u00e1 a los lesionados entre ellos a una familia humilde de San Andr\u00e9s que viajaba en una combi y que al correr para resguardarse perdieron gran parte de sus pertenencias entre ellas su mandado que llevan y que qued\u00f3 esparcido en la calle.<\/p>\n<p>Finalmente, el s\u00edndico manifest\u00f3 que sobre los hechos \u00e9l s\u00f3lo tuvo conocimiento que una persona de la comunidad de Nantzh\u00e1 que se dedica a recolectar miel fue quien intent\u00f3 bajar el panal y que eso provoc\u00f3 que las abejas se alborotaran y atacaran a la gente que pasaba por el lugar.<\/p>\n","protected":false},"excerpt":{"rendered":"<p>Tula de Allende \u201cEs de mi cu\u00f1ada, yo s\u00f3lo soy el encargado\u201d En ese predio se construye una barda perimetral, \u201cestamos acondicionando para hacerle a mi hijo un campo de f\u00fatbol con la autorizaci\u00f3n de mi cu\u00f1ada\u201d Tener una cu\u00f1ada as\u00ed, o ser una cu\u00f1ada as\u00ed\u2026 no tiene precio<\/p>\n","protected":false},"author":93,"featured_media":0,"comment_status":"open","ping_status":"open","sticky":false,"template":"","format":"standard","meta":{"footnotes":""},"categories":[40],"tags":[],"class_list":["post-4999","post","type-post","status-publish","format-standard","hentry","category-region"],"_links":{"self":[{"href":"https:\/\/plazajuarez.mx\/historico\/wp-json\/wp\/v2\/posts\/4999","targetHints":{"allow":["GET"]}}],"collection":[{"href":"https:\/\/plazajuarez.mx\/historico\/wp-json\/wp\/v2\/posts"}],"about":[{"href":"https:\/\/plazajuarez.mx\/historico\/wp-json\/wp\/v2\/types\/post"}],"author":[{"embeddable":true,"href":"https:\/\/plazajuarez.mx\/historico\/wp-json\/wp\/v2\/users\/93"}],"replies":[{"embeddable":true,"href":"https:\/\/plazajuarez.mx\/historico\/wp-json\/wp\/v2\/comments?post=4999"}],"version-history":[{"count":0,"href":"https:\/\/plazajuarez.mx\/historico\/wp-json\/wp\/v2\/posts\/4999\/revisions"}],"wp:attachment":[{"href":"https:\/\/plazajuarez.mx\/historico\/wp-json\/wp\/v2\/media?parent=4999"}],"wp:term":[{"taxonomy":"category","embeddable":true,"href":"https:\/\/plazajuarez.mx\/historico\/wp-json\/wp\/v2\/categories?post=4999"},{"taxonomy":"post_tag","embeddable":true,"href":"https:\/\/plazajuarez.mx\/historico\/wp-json\/wp\/v2\/tags?post=4999"}],"curies":[{"name":"wp","href":"https:\/\/api.w.org\/{rel}","templated":true}]}}