{"id":4998,"date":"2015-05-12T05:00:00","date_gmt":"2015-05-12T05:00:00","guid":{"rendered":"http:\/\/plazajuarez.mx\/index\/index.php\/2015\/05\/12\/todo-listo-para-la-cabalgata-de-san-isidro-labrador-2015\/"},"modified":"2015-05-12T05:00:00","modified_gmt":"2015-05-12T05:00:00","slug":"todo-listo-para-la-cabalgata-de-san-isidro-labrador-2015","status":"publish","type":"post","link":"https:\/\/plazajuarez.mx\/historico\/todo-listo-para-la-cabalgata-de-san-isidro-labrador-2015\/","title":{"rendered":"Todo listo para la Cabalgata de  \u201cSan Isidro Labrador 2015\u201d"},"content":{"rendered":"<p><strong>Tula de Allende<\/strong><\/p>\n<ul>\n<li><strong><strong>Ser\u00e1 el pr\u00f3ximo 15 de junio<\/strong><\/strong> <!--more--> <\/li>\n<\/ul>\n<p>Organizadores de la sociedad civil, en conferencia de prensa, informaron que todo est\u00e1 listo para la Cabalgata de \u201cSan Isidro Labrador 2015\u201d, que se llevar\u00e1 a cabo el pr\u00f3ximo 15 de mayo en el marco de los festejos patronales de la comunidad de Pueblo Nuevo y en la que se espera la participaci\u00f3n de m\u00e1s de 2 mil charros y escaramuzas.<\/p>\n<p>Felipe Falc\u00f3n Jim\u00e9nez quien encabeza la organizaci\u00f3n del evento puntualiz\u00f3 que la cabalgata es un acto netamente de la sociedad civil y que el objetivo es promover y fortalecer la charrer\u00eda, adem\u00e1s de proyectar al municipio de Tula, toda vez que se espera la visita de charros no s\u00f3lo de Hidalgo sino de Zacatecas, Aguascalientes, Guadalajara, Quer\u00e9taro, Estado de M\u00e9xico, Distrito Federal, Veracruz, Puebla y algunas otras entidades que han confirmado su participaci\u00f3n.<\/p>\n<p>Dijo que al ser Hidalgo la cuna de la charrer\u00eda se pretende que la Cabalgata\u00a0 de \u201cSan Isidro Labrador\u201d se institucionalice en Tula de manera que se lleve a cabo cada a\u00f1o, como una alternativa que permita impulsar la econom\u00eda de la zona.<\/p>\n<p>Falc\u00f3n Jim\u00e9nez se\u00f1al\u00f3 que la actividad es un evento familiar e institucional en el que est\u00e1n invitados todos los presidentes municipales de la regi\u00f3n, as\u00ed como de gobierno estatal y federal y que como invitado especial estar\u00e1 To\u00f1o Aldeco.<\/p>\n<p>Por su parte, Blanca Cruz Mart\u00ednez detall\u00f3 la log\u00edstica del evento, asegur\u00f3 que\u00a0 est\u00e1 garantizada la seguridad, de los participantes al contar con todos los permisos necesarios y el apoyo de las dependencias de Protecci\u00f3n Civil, Seguridad P\u00fablica, tanto municipal y estatal, como de la parte del servicio m\u00e9dico para en caso de ser necesario brindar atenci\u00f3n a los charros y escaramuzas, as\u00ed como el \u00e1rea de Servicios P\u00fablicos.<\/p>\n<p>El punto de partida ser\u00e1 la Plaza del Nacionalismo, para de ah\u00ed partir rumbo a Pueblo Nuevo hasta llegar al predio El Venado, con un recorrido de 17 kil\u00f3metros que se espera realizar dure de 3 a 4 horas y que estar\u00e1 apoyado por brigadas de seguridad vial por parte de las comunidades que forman parte de la trayectoria.<\/p>\n<p>Resaltaron que con la cabalgata se busca promover, sensibilizar e impulsar una de las tradiciones mexicanas entre quienes gustan de la charrer\u00eda y las cabalgatas, con la finalidad de fomentar la convivencia familia, el deporte, la recreaci\u00f3n y los lazos de amistad entre la sociedad, por lo que se adelant\u00f3 que la venta y consumo de bebidas embriagantes estar\u00e1 regulado por las autoridades delegacionales al ser los anfitriones en la comunidad de Pueblo Nuevo donde se complementar\u00e1n las actividades con una charlotada, mojiganga, carrera de cintas, jaripeo y espect\u00e1culo de m\u00fasica.<\/p>\n<p>Durante la conferencia de prensa estuvo presente la delegada de Pueblo Nuevo, Aremi P\u00e9rez Caballero,\u00a0 la presidenta de festejos Patricia Falc\u00f3n Jim\u00e9nez y elementos de seguridad p\u00fablica de Tula.<\/p>\n","protected":false},"excerpt":{"rendered":"<p>Tula de Allende Ser\u00e1 el pr\u00f3ximo 15 de junio<\/p>\n","protected":false},"author":93,"featured_media":0,"comment_status":"open","ping_status":"open","sticky":false,"template":"","format":"standard","meta":{"footnotes":""},"categories":[40],"tags":[],"class_list":["post-4998","post","type-post","status-publish","format-standard","hentry","category-region"],"_links":{"self":[{"href":"https:\/\/plazajuarez.mx\/historico\/wp-json\/wp\/v2\/posts\/4998","targetHints":{"allow":["GET"]}}],"collection":[{"href":"https:\/\/plazajuarez.mx\/historico\/wp-json\/wp\/v2\/posts"}],"about":[{"href":"https:\/\/plazajuarez.mx\/historico\/wp-json\/wp\/v2\/types\/post"}],"author":[{"embeddable":true,"href":"https:\/\/plazajuarez.mx\/historico\/wp-json\/wp\/v2\/users\/93"}],"replies":[{"embeddable":true,"href":"https:\/\/plazajuarez.mx\/historico\/wp-json\/wp\/v2\/comments?post=4998"}],"version-history":[{"count":0,"href":"https:\/\/plazajuarez.mx\/historico\/wp-json\/wp\/v2\/posts\/4998\/revisions"}],"wp:attachment":[{"href":"https:\/\/plazajuarez.mx\/historico\/wp-json\/wp\/v2\/media?parent=4998"}],"wp:term":[{"taxonomy":"category","embeddable":true,"href":"https:\/\/plazajuarez.mx\/historico\/wp-json\/wp\/v2\/categories?post=4998"},{"taxonomy":"post_tag","embeddable":true,"href":"https:\/\/plazajuarez.mx\/historico\/wp-json\/wp\/v2\/tags?post=4998"}],"curies":[{"name":"wp","href":"https:\/\/api.w.org\/{rel}","templated":true}]}}