{"id":49465,"date":"2017-10-15T15:59:09","date_gmt":"2017-10-15T15:59:09","guid":{"rendered":"http:\/\/plazajuarez.mx\/index\/index.php\/2017\/10\/15\/hoy-concluye-la-novena-edicion-del-festival-internacional-del-paste\/"},"modified":"2017-10-15T15:59:09","modified_gmt":"2017-10-15T15:59:09","slug":"hoy-concluye-la-novena-edicion-del-festival-internacional-del-paste","status":"publish","type":"post","link":"https:\/\/plazajuarez.mx\/historico\/hoy-concluye-la-novena-edicion-del-festival-internacional-del-paste\/","title":{"rendered":"Hoy concluye la novena edici\u00f3n del \u201cFestival Internacional del Paste\u201d"},"content":{"rendered":"<p>\u00a0<\/p>\n<p>Hoy concluir\u00e1 la novena edici\u00f3n del \u201cFestival Internacional del Paste\u201d, y como parte del festejo que lleva a cabo en el municipio de Mineral del Monte, hoy en punto de las 12 horas, realizar\u00e1n en plena cabecera municipal, el Paste m\u00e1s grande mundo, una de las actividades con las que concluir\u00e1n la celebraci\u00f3n que se ha convertido en tradici\u00f3n para los hidalguenses, todo en torno a este platillo t\u00edpico de la regi\u00f3n.<\/p>\n<p>  <!--more-->  <\/p>\n<p>El pasado viernes en representaci\u00f3n del gobernador del estado, Omar Fayad Meneses, el titular de la Secretar\u00eda de Turismo, Eduardo Javier Ba\u00f1os G\u00f3mez, encabez\u00f3 el acto inaugural, mismos que dio pie a la celebraci\u00f3n que incluy\u00f3 la muestra de los tesoros gastron\u00f3micos de la regi\u00f3n, as\u00ed como las bebidas que se producen en todo Hidalgo, as\u00ed como el arranque del programa cultural, que incluy\u00f3 la presentaci\u00f3n de grupos musicales y de compa\u00f1\u00edas de danza.<\/p>\n<p>Adem\u00e1s de la fabricaci\u00f3n del paste que se realizar\u00e1 a las 12 horas y que se podr\u00e1 degustar a partir de las 14 horas mismo que podr\u00eda ser de m\u00e1s de cinco metros de largo y m\u00e1s de 300 kilogramos de peso real, aproximadamente, seg\u00fan los organizadores.<\/p>\n<p>En su mensaje el secretario reiter\u00f3 el compromiso del gobierno estatal para dar continuidad a los trabajos en torno a: la creaci\u00f3n, fomento y respaldo del turismo en Hidalgo, no s\u00f3lo en el tema gastron\u00f3mico, sino en todo lo que pueda considerarse como un atractivo para los visitantes que han visto en Hidalgo la oportunidad de hacer turismo, y conocer parte de la cultura, tradici\u00f3n y legado arquitect\u00f3nico con la que se cuenta adem\u00e1s de los puntos tur\u00edsticos de aventura y recreaci\u00f3n.<\/p>\n<p>Finalmente cabe destacar que algunas de las actividades que se desarrollar\u00e1n hoy son: la presentaci\u00f3n de \u201cEddie y los Grasosos\u201d, \u201cFlamenco Taurino\u201d, \u201cConcierto con la Marimba Internacional Nandayapa\u201d, la presentaci\u00f3n de \u201cIndomitus Fusi\u00f3n\u201d, y el baile popular final que estar\u00e1 amenizado por Campeche Show, mientras que la ceremonia de clausura est\u00e1 programada a las 20:30 horas.<\/p>\n<p>\u00a0<\/p>\n","protected":false},"excerpt":{"rendered":"<p>\u00a0 Hoy concluir\u00e1 la novena edici\u00f3n del \u201cFestival Internacional del Paste\u201d, y como parte del festejo que lleva a cabo en el municipio de Mineral del Monte, hoy en punto de las 12 horas, realizar\u00e1n en plena cabecera municipal, el Paste m\u00e1s grande mundo, una de las actividades con las que concluir\u00e1n la celebraci\u00f3n que [&hellip;]<\/p>\n","protected":false},"author":3,"featured_media":0,"comment_status":"open","ping_status":"open","sticky":false,"template":"","format":"standard","meta":{"footnotes":""},"categories":[59],"tags":[],"class_list":["post-49465","post","type-post","status-publish","format-standard","hentry","category-general"],"_links":{"self":[{"href":"https:\/\/plazajuarez.mx\/historico\/wp-json\/wp\/v2\/posts\/49465","targetHints":{"allow":["GET"]}}],"collection":[{"href":"https:\/\/plazajuarez.mx\/historico\/wp-json\/wp\/v2\/posts"}],"about":[{"href":"https:\/\/plazajuarez.mx\/historico\/wp-json\/wp\/v2\/types\/post"}],"author":[{"embeddable":true,"href":"https:\/\/plazajuarez.mx\/historico\/wp-json\/wp\/v2\/users\/3"}],"replies":[{"embeddable":true,"href":"https:\/\/plazajuarez.mx\/historico\/wp-json\/wp\/v2\/comments?post=49465"}],"version-history":[{"count":0,"href":"https:\/\/plazajuarez.mx\/historico\/wp-json\/wp\/v2\/posts\/49465\/revisions"}],"wp:attachment":[{"href":"https:\/\/plazajuarez.mx\/historico\/wp-json\/wp\/v2\/media?parent=49465"}],"wp:term":[{"taxonomy":"category","embeddable":true,"href":"https:\/\/plazajuarez.mx\/historico\/wp-json\/wp\/v2\/categories?post=49465"},{"taxonomy":"post_tag","embeddable":true,"href":"https:\/\/plazajuarez.mx\/historico\/wp-json\/wp\/v2\/tags?post=49465"}],"curies":[{"name":"wp","href":"https:\/\/api.w.org\/{rel}","templated":true}]}}