{"id":49464,"date":"2017-10-15T15:59:08","date_gmt":"2017-10-15T15:59:08","guid":{"rendered":"http:\/\/plazajuarez.mx\/index\/index.php\/2017\/10\/15\/pedazos-de-vida-12\/"},"modified":"2020-04-14T20:02:43","modified_gmt":"2020-04-14T20:02:43","slug":"pedazos-de-vida-12","status":"publish","type":"post","link":"https:\/\/plazajuarez.mx\/historico\/pedazos-de-vida-12\/","title":{"rendered":"PEDAZOS DE VIDA"},"content":{"rendered":"<p>\u00a0<\/p>\n<p>Perspectivas<\/p>\n<p>\u00a0<\/p>\n<p>No ser\u00eda la primera vez que escucho una historia as\u00ed, aunque s\u00ed es la primera que escuch\u00f3 la misma historia en dos versiones. Ni siquiera sabemos qui\u00e9n fue el que falleci\u00f3, las autoridades no reportan que se hubiera dado ese accidente, sin embargo son dos las personas que aseguran que fue alrededor de las cinco de la madrugada cuando la sangre que no dej\u00f3 rastro, fue regada en uno de los bulevares m\u00e1s conocidos de la gran ciudad.<\/p>\n<p>  <!--more-->  <\/p>\n<p>\u00a0<\/p>\n<p>Aquella tarde iba rumbo a mi trabajo, la tardanza de la se\u00f1ora que va hacer el aseo no me permiti\u00f3 que me saliera antes, y es que aunque sea muy platicadora, a\u00fan no se ha ganado mi plena confianza como para dejarla sola en mi casa, y por eso tuve que tomar un taxi cuyo chofer me platic\u00f3 que como a las cinco de la ma\u00f1ana, una persona hab\u00eda sido atropellada en el bulevar por el que justamente transitamos al momento.<\/p>\n<p>\u00a0<\/p>\n<p>\u201cYo estaba donde el carrito amarillo, el hombre atropellado fue a caer encima del taxi al que le rompi\u00f3 el parabrisas. El carro que lo atropell\u00f3 se vino a estampar aqu\u00ed atr\u00e1s\u201d, contaba el taxista en tanto yo escuchaba con atenci\u00f3n. \u201cEl carro que lo atropell\u00f3, se mont\u00f3 en la guarnici\u00f3n del bulevar, los del carro estaban lesionados se agarraban las piernas y uno sangraba, tambi\u00e9n ten\u00eda el parabrisas roto\u201d\u2026 hab\u00eda dicho el taxista que por un momento pens\u00e9 que hablaba conmigo, hasta que le vi el tel\u00e9fono celular y colg\u00f3.<\/p>\n<p>\u00a0<\/p>\n<p>Me baj\u00e9 justamente donde se subi\u00f3 una mujer y no recuerdo si le pague o no al taxista, creo que ni las gracias me contest\u00f3, pero el punto fue que en la noche en el puesto de tacos que est\u00e1 cerca del mismo bulevar, el taquero estaba contando la misma historia, que nadie me pudo contar en el trabajo, pero \u00e9l no habl\u00f3 de un hombre atropellado, \u00e9l dijo que en el retorno un taxi se iba a dar la vuelta pero que un carro a exceso de velocidad se lo hab\u00eda llevado y que el taxista se hab\u00eda salido por el parabrisas ya que no ten\u00eda puesto el cintur\u00f3n de seguridad.<\/p>\n<p>\u00a0<\/p>\n<p>Seg\u00fan platicaba el taquero, aqu\u00e9l hombre muri\u00f3, en tanto los del carro que provoc\u00f3 el accidente, bajaron todas sus cosas y se fueron, pero nadie sab\u00eda del incidente aqu\u00e9l. No se escucharon patrullas ni ambulancias. Unos dicen que el taquero cruzaba la calle para regresar a su puesto de tacos a las cinco de la ma\u00f1ana, otros que un taxista muri\u00f3 y que sigue dando servicio, y yo me pregunt\u00f3 \u00bfQu\u00e9 hac\u00eda a las cinco de la ma\u00f1ana? \u00bfNo ser\u00e1 que el que est\u00e1 muerto soy yo?<\/p><\/p>\n","protected":false},"excerpt":{"rendered":"<p>\u00a0 Perspectivas \u00a0 No ser\u00eda la primera vez que escucho una historia as\u00ed, aunque s\u00ed es la primera que escuch\u00f3 la misma historia en dos versiones. Ni siquiera sabemos qui\u00e9n fue el que falleci\u00f3, las autoridades no reportan que se hubiera dado ese accidente, sin embargo son dos las personas que aseguran que fue alrededor [&hellip;]<\/p>\n","protected":false},"author":72,"featured_media":0,"comment_status":"open","ping_status":"open","sticky":false,"template":"","format":"standard","meta":{"footnotes":""},"categories":[42,85],"tags":[67],"class_list":["post-49464","post","type-post","status-publish","format-standard","hentry","category-nuestrapalabra","category-relatos","tag-relatos"],"_links":{"self":[{"href":"https:\/\/plazajuarez.mx\/historico\/wp-json\/wp\/v2\/posts\/49464","targetHints":{"allow":["GET"]}}],"collection":[{"href":"https:\/\/plazajuarez.mx\/historico\/wp-json\/wp\/v2\/posts"}],"about":[{"href":"https:\/\/plazajuarez.mx\/historico\/wp-json\/wp\/v2\/types\/post"}],"author":[{"embeddable":true,"href":"https:\/\/plazajuarez.mx\/historico\/wp-json\/wp\/v2\/users\/72"}],"replies":[{"embeddable":true,"href":"https:\/\/plazajuarez.mx\/historico\/wp-json\/wp\/v2\/comments?post=49464"}],"version-history":[{"count":0,"href":"https:\/\/plazajuarez.mx\/historico\/wp-json\/wp\/v2\/posts\/49464\/revisions"}],"wp:attachment":[{"href":"https:\/\/plazajuarez.mx\/historico\/wp-json\/wp\/v2\/media?parent=49464"}],"wp:term":[{"taxonomy":"category","embeddable":true,"href":"https:\/\/plazajuarez.mx\/historico\/wp-json\/wp\/v2\/categories?post=49464"},{"taxonomy":"post_tag","embeddable":true,"href":"https:\/\/plazajuarez.mx\/historico\/wp-json\/wp\/v2\/tags?post=49464"}],"curies":[{"name":"wp","href":"https:\/\/api.w.org\/{rel}","templated":true}]}}