{"id":493,"date":"2015-02-08T06:00:00","date_gmt":"2015-02-08T06:00:00","guid":{"rendered":"http:\/\/plazajuarez.mx\/index\/index.php\/2015\/02\/08\/piden-32-familias-pruebas-de-adn-a-cuerpos-de-crematorio-2\/"},"modified":"2015-02-08T06:00:00","modified_gmt":"2015-02-08T06:00:00","slug":"piden-32-familias-pruebas-de-adn-a-cuerpos-de-crematorio-2","status":"publish","type":"post","link":"https:\/\/plazajuarez.mx\/historico\/piden-32-familias-pruebas-de-adn-a-cuerpos-de-crematorio-2\/","title":{"rendered":"Piden 32 familias pruebas de  ADN a cuerpos de crematorio"},"content":{"rendered":"<p>Acapulco, Gro.- La Fiscal\u00eda General del Estado (FGE) inform\u00f3 que hasta el momento 32 familiares, que contrataron servicios funerarios y a su vez utilizaron los crematorios del &#8220;Pac\u00edfico S.A. de C.V&#8221;, han acudido a solicitar muestras de ADN para descartar que alguno de los 60 cuerpos hallados embalsamados correspondan a sus seres queridos.<\/p>\n<p>  <!--more-->  <\/p>\n<p>\u00a0<\/p>\n<p>Agreg\u00f3 que la noche del viernes acudieron a la Fiscal\u00eda Regional de Acapulco tres mandos de la Procuradur\u00eda General de la Rep\u00fablica con quienes las FGE se coordinar\u00e1n para realizar estudios en criminal\u00edstica de campo, fotograf\u00eda, video, antropolog\u00eda forense y gen\u00e9tica para la identificaci\u00f3n de los cad\u00e1veres.<\/p>\n<p>La Direcci\u00f3n de Servicios Periciales de la FGE precis\u00f3 que ser\u00e1 15 peritos de la PGR especializados en los rubros mencionados, quienes en coordinaci\u00f3n con los especialistas de la dependencia local, trabajar\u00e1n en la identificaci\u00f3n de los cuerpos encontrados la madrugada de antier en crematorios del &#8220;Pac\u00edfico&#8221; en un predio ubicados en la colonia Llano Largo, a ras de carretera.<\/p>\n<p>La dependencia se\u00f1al\u00f3 que las investigaciones de este tipo de casos lleva un protocolo de seguridad, por el cual, hasta el momento los peritos no han podido iniciar sus trabajos de identificaci\u00f3n.<\/p>\n<p>La FGE revel\u00f3 que este s\u00e1bado 13 due\u00f1os de funerarias han declarado ante la dependencia, donde mostraron certificados y licencia que indican si subcontrataron los servicios del crematorio que trabaj\u00f3 en la clandestinidad.<\/p>\n<p>Hasta el momento hay cinco empresas coincidentes que contrataron los servicios de crematorios del &#8220;Pacifico&#8221;: Manzanares S.A. de C.V., Funeraria Huerta, Acapulco S.A. de C.V., Salgado S.A. de C.V. y Tipr\u00e9s.<\/p>\n<p>Puntualizaron que la situaci\u00f3n jur\u00eddica de Guillermo Estua Zardain, propietario de crematorios del &#8220;Pac\u00edfico&#8221;, es de indiciado por su probable responsabilidad en los hechos. (Agencias)<\/p>\n","protected":false},"excerpt":{"rendered":"<p>Acapulco, Gro.- La Fiscal\u00eda General del Estado (FGE) inform\u00f3 que hasta el momento 32 familiares, que contrataron servicios funerarios y a su vez utilizaron los crematorios del &#8220;Pac\u00edfico S.A. de C.V&#8221;, han acudido a solicitar muestras de ADN para descartar que alguno de los 60 cuerpos hallados embalsamados correspondan a sus seres queridos.<\/p>\n","protected":false},"author":93,"featured_media":0,"comment_status":"open","ping_status":"open","sticky":false,"template":"","format":"standard","meta":{"footnotes":""},"categories":[36],"tags":[],"class_list":["post-493","post","type-post","status-publish","format-standard","hentry","category-nacion"],"_links":{"self":[{"href":"https:\/\/plazajuarez.mx\/historico\/wp-json\/wp\/v2\/posts\/493","targetHints":{"allow":["GET"]}}],"collection":[{"href":"https:\/\/plazajuarez.mx\/historico\/wp-json\/wp\/v2\/posts"}],"about":[{"href":"https:\/\/plazajuarez.mx\/historico\/wp-json\/wp\/v2\/types\/post"}],"author":[{"embeddable":true,"href":"https:\/\/plazajuarez.mx\/historico\/wp-json\/wp\/v2\/users\/93"}],"replies":[{"embeddable":true,"href":"https:\/\/plazajuarez.mx\/historico\/wp-json\/wp\/v2\/comments?post=493"}],"version-history":[{"count":0,"href":"https:\/\/plazajuarez.mx\/historico\/wp-json\/wp\/v2\/posts\/493\/revisions"}],"wp:attachment":[{"href":"https:\/\/plazajuarez.mx\/historico\/wp-json\/wp\/v2\/media?parent=493"}],"wp:term":[{"taxonomy":"category","embeddable":true,"href":"https:\/\/plazajuarez.mx\/historico\/wp-json\/wp\/v2\/categories?post=493"},{"taxonomy":"post_tag","embeddable":true,"href":"https:\/\/plazajuarez.mx\/historico\/wp-json\/wp\/v2\/tags?post=493"}],"curies":[{"name":"wp","href":"https:\/\/api.w.org\/{rel}","templated":true}]}}