{"id":492,"date":"2015-02-08T06:00:00","date_gmt":"2015-02-08T06:00:00","guid":{"rendered":"http:\/\/plazajuarez.mx\/index\/index.php\/2015\/02\/08\/merengue-derretido\/"},"modified":"2015-02-08T06:00:00","modified_gmt":"2015-02-08T06:00:00","slug":"merengue-derretido","status":"publish","type":"post","link":"https:\/\/plazajuarez.mx\/historico\/merengue-derretido\/","title":{"rendered":"\u201cMerengue\u201d derretido"},"content":{"rendered":"<p>ATL\u00c9TICO DE MADRID 4-0 REAL MADRID<\/p>\n<ul>\n<li>El Real Madrid no meti\u00f3 ni las \u201cmanitas\u201d y el cuadro colchonero se le acerc\u00f3 en la tabla general <!--more--> \u00a0<\/li>\n<\/ul>\n<p>La historia de los derbis entre Atl\u00e9tico de Madrid y Real Madrid esta temporada se escriben en rojiblanco. Ya son seis los que han acabado con el equipo blanco siendo incapaz de ganar a los de Simeone. Ni en la Supercopa de Espa\u00f1a, ni en la Copa del Rey, ni en la Liga el Real Madrid ha encontrado la f\u00f3rmula para meterle mano a un Atl\u00e9tico de Madrid que vuelve a engancharse a la lucha por el t\u00edtulo de Liga posicion\u00e1ndose a cuatro puntos del Real Madrid. Aunque para los blancos, lo peor no es eso, que ya lo es, si no que hoy\u00a0 dieron una muy pobre imagen en el Vicente Calder\u00f3n (4\u20110).<\/p>\n<p>\u00a0<\/p>\n<p>Los de Ancelotti cayeron con toda la justicia del mundo y ya pueden ir dando gracias de que s\u00f3lo encajaran tres goles porque la superioridad del Atleti fue tanta que durante muchos momentos ridiculiz\u00f3 a un Real Madrid sin intensidad, sin f\u00fatbol y que parec\u00eda un equipo peque\u00f1o con un reaparecido Cristiano que no se enteraba de nada. Ni \u00e9l, ni Bale, ni Benzema ni nadie de un Real Madrid al que le pasaba por encima un Atl\u00e9tico de Madrid m\u00e1s intenso, r\u00e1pido y con mucho m\u00e1s f\u00fatbol que un equipo blanco roto, defensivamente inexistente y que perdi\u00f3 la lucha por el centro del campo casi desde el pitido inicial con Bale, Cristiano y Benzema haciendo su partido pasando de ayudar a sus compa\u00f1eros de la medular.<\/p>\n<p>El festival local fue total en la primera parte y eso que Koke se lesion\u00f3 en el minuto 10 y entr\u00f3 Sa\u00fal por el de Vallecas. Un contratiempo para cualquier equipo menos para este Atl\u00e9tico de Madrid que supo aprovechar las bajas en defensa de los blancos para hacer mucho da\u00f1o. Sin Ramos y sin Marcelo, el Madrid perd\u00eda mucho en la salida del bal\u00f3n desde la defensa y eso le facilitaba las cosas a un Atleti que se puso por delante en el minuto 13 con gol de Tiago con la colaboraci\u00f3n de Casillas que cometi\u00f3 un fallo de los grandes. Ese 1\u20110 dej\u00f3 a\u00fan m\u00e1s tocado al Madrid y envalenton\u00f3 a un Atleti que se fue a por la goleada. En el 18\u2019, Sa\u00fal marc\u00f3 el 2\u20110 con una estupenda chilena. El desastre blanco era total y peor pudo ser si el \u00e1rbitro llega a se\u00f1alar un penalti de Khedira en el minuto 35 por mano tras un disparo de God\u00edn. El Madrid encontr\u00f3 alivio en la recta final de la primera mitad en la que por fin control\u00f3 el bal\u00f3n encontrando a Kroos y se acerc\u00f3 al \u00e1rea de Moy\u00e0 pero sin crear ocasiones reales de gol.<\/p>\n<p><strong>T\u00edmida reacci\u00f3n blanca y gol de Griezmann<\/strong><\/p>\n<p>Al descanso se lleg\u00f3 con la sensaci\u00f3n de que el Atleti pod\u00eda haber marcado muchos m\u00e1s goles ante un irreconocible Real Madrid. La segunda mitadcomenz\u00f3 con los blancos intentado enmendar la plana poniendo m\u00e1s intensidad en su f\u00fatbol. Fueron los mejores minutos del Real Madrid con Jes\u00e9 entrando por Khedira, pero fue un espejismo porque el Atleti segu\u00eda controlando el partido y en el minuto 60 decidi\u00f3 que ya estaba bien de darle vida al Real Madrid. Arda, Mandzukic y Griezmann volvieron a ponerse las pilas para desesperar a los blancos que vieron como en el minuto 66, el delantero franc\u00e9s pon\u00eda el 3\u20110 tras un pase de Sa\u00fal.<\/p>\n<p>\u00a0<\/p>\n<p>El encuentro ya estaba sentenciado y lo que qued\u00f3 fue un suplicio para los blancos que segu\u00edan recibiendo ocasiones como si no costaran. As\u00ed iban transcurriendo los minutos con el Calder\u00f3n celebrando por todo lo alto este importantes triunfo de su Atl\u00e9tico de Madrid que puso el colof\u00f3n final a su partidazo con el 4\u20110 de Mandzukic en el minuto 89. Un varapalo en toda regla para el Real Madrid y un golpe en la mesa de un Atl\u00e9tico que\u00a0 demostr\u00f3 que va luchar por revalidar su t\u00edtulo de Liga<\/p>\n<p><strong>Casillas desconsolado; reconoce humillaci\u00f3n de los \u201cColchoneros\u201d<\/strong><\/p>\n<p>\u00a0<\/p>\n<p>El portero del Real Madrid \u00cdker Casillas asegur\u00f3 ayer tras la derrota ante el Atl\u00e9tico de Madrid en el Vicente Calder\u00f3n (4\u20110) que el conjunto rojiblanco les super\u00f3 &#8220;en todos los sentidos&#8221; y estuvo mejor en el terreno de juego.<\/p>\n<p>\u00a0<\/p>\n<p>&#8220;El Atl\u00e9tico de Madrid ha sido superior, nos ha superado en todos los sentidos, atr\u00e1s, adelante y en todo el terreno de juego. Al final te vas con cara de pena de no haber hecho las cosas bien, pero no podemos hacer m\u00e1s que pedir perd\u00f3n a nuestra afici\u00f3n y que venga el siguiente partido ya&#8221;, coment\u00f3 el capit\u00e1n blanco en zona mixta.<\/p>\n<p>\u00a0<\/p>\n<p>Casillas reconoci\u00f3 que tras caer hoy y acortarse las diferencias con el Atl\u00e9tico, e incluso que el Barcelona pueda situarse a un punto si gana ma\u00f1ana al Athletic de Bilbao, la liga va a ser &#8220;larga y dura&#8221;.<\/p>\n<p>\u00a0<\/p>\n<p>El portero madridista reconoci\u00f3 que al equipo le falt\u00f3 &#8220;un poco de todo&#8221; y que el Atl\u00e9tico fue &#8220;mejor en el terreno de juego&#8221;. &#8220;El Atl\u00e9tico ha estado bien plantado y ha planificado bien el partido&#8221;, dijo.<\/p>\n<p>\u00a0<\/p>\n<p>&#8220;Este es uno de esos partidos que se dan en una temporada, suelen ser pocos. Nos pas\u00f3 en San Sebasti\u00e1n, nos ha pasado en el Calder\u00f3n, esperemos que no pase m\u00e1s. Entendemos que siendo un derbi como \u00e9ste es mas notorio. Queremos mirar hacia delante, al siguiente partido y no volver a caer en estos errores&#8221;, a\u00f1adi\u00f3.<\/p>\n<p>\u00a0<\/p>\n<p>El guardameta tambi\u00e9n coment\u00f3 la jugada del primer gol del Atl\u00e9tico, un tiro raso del portugu\u00e9s Tiago Mendes que dio en alg\u00fan jugador madridista antes de entrar. Casillas dijo que no tiene que excusarse por ese gol y que fue una jugada r\u00e1pida en el que al tocar en alguno de sus compa\u00f1eros el bal\u00f3n cambi\u00f3 su trayectoria.<\/p>\n<p>\u00a0<\/p>\n<p>\u00a0<\/p>\n","protected":false},"excerpt":{"rendered":"<p>ATL\u00c9TICO DE MADRID 4-0 REAL MADRID El Real Madrid no meti\u00f3 ni las \u201cmanitas\u201d y el cuadro colchonero se le acerc\u00f3 en la tabla general<\/p>\n","protected":false},"author":93,"featured_media":0,"comment_status":"open","ping_status":"open","sticky":false,"template":"","format":"standard","meta":{"footnotes":""},"categories":[39],"tags":[],"class_list":["post-492","post","type-post","status-publish","format-standard","hentry","category-deportiva"],"_links":{"self":[{"href":"https:\/\/plazajuarez.mx\/historico\/wp-json\/wp\/v2\/posts\/492","targetHints":{"allow":["GET"]}}],"collection":[{"href":"https:\/\/plazajuarez.mx\/historico\/wp-json\/wp\/v2\/posts"}],"about":[{"href":"https:\/\/plazajuarez.mx\/historico\/wp-json\/wp\/v2\/types\/post"}],"author":[{"embeddable":true,"href":"https:\/\/plazajuarez.mx\/historico\/wp-json\/wp\/v2\/users\/93"}],"replies":[{"embeddable":true,"href":"https:\/\/plazajuarez.mx\/historico\/wp-json\/wp\/v2\/comments?post=492"}],"version-history":[{"count":0,"href":"https:\/\/plazajuarez.mx\/historico\/wp-json\/wp\/v2\/posts\/492\/revisions"}],"wp:attachment":[{"href":"https:\/\/plazajuarez.mx\/historico\/wp-json\/wp\/v2\/media?parent=492"}],"wp:term":[{"taxonomy":"category","embeddable":true,"href":"https:\/\/plazajuarez.mx\/historico\/wp-json\/wp\/v2\/categories?post=492"},{"taxonomy":"post_tag","embeddable":true,"href":"https:\/\/plazajuarez.mx\/historico\/wp-json\/wp\/v2\/tags?post=492"}],"curies":[{"name":"wp","href":"https:\/\/api.w.org\/{rel}","templated":true}]}}