{"id":49101,"date":"2017-10-09T05:05:25","date_gmt":"2017-10-09T05:05:25","guid":{"rendered":"http:\/\/plazajuarez.mx\/index\/index.php\/2017\/10\/09\/dese-por-enterado-285\/"},"modified":"2020-04-14T19:07:48","modified_gmt":"2020-04-14T19:07:48","slug":"dese-por-enterado-285","status":"publish","type":"post","link":"https:\/\/plazajuarez.mx\/historico\/dese-por-enterado-285\/","title":{"rendered":"DESE POR ENTERADO"},"content":{"rendered":"<p>MARCO ANTONIO CABA\u00d1AS.- Nuestro corresponsal en el Valle del Mezquital realiza todos los d\u00edas un trabajo intenso, esforzado. Es de los que siempre acude al lugar de los hechos y tiene por vocaci\u00f3n hacer periodismo. Vaya pues que su labor es profesional en todo el sentido de la palabra, y eso se lo reconocemos. Sin embargo de un tiempo a esta parte su informaci\u00f3n ha sido c\u00ednicamente copiada y pegada en otro medio impreso, del que por el momento nos guardamos su nombre porque sinceramente creemos se trata de un lamentable error de su editor responsable. Es decir que al esfuerzo de Marco corresponde la sinverg\u00fcenza actitud de un supuesto corresponsal, que tiene como mayor trabajo comprar nuestro peri\u00f3dico del d\u00eda o entrar a la p\u00e1gina de internet, elegir la informaci\u00f3n que le atrae, copiarla y mandarla como propia a la redacci\u00f3n de su diario, donde esperamos impere la cordura y pongan en su lugar al brib\u00f3n que los mal representa en el Mezquital. Es, por supuesto, el primer aviso. Lo siguiente tendr\u00e1 que ventilarse en las instancias judiciales correspondientes.<\/p>\n<p>  <!--more-->  <\/p>\n<p>\u00a0\u00a0 \u00a0\u00a0\u00a0 \u00a0\u00a0\u00a0 \u00a0\u00a0\u00a0 \u00a0\u00a0\u00a0 \u00a0***<\/p>\n<p>#LaAutonom\u00edaNoSeToca?.- La Universidad Aut\u00f3noma del Estado de Hidalgo, deber\u00e1 contar con un \u00f3rgano de control interno e independiente, que permita transparentar el uso de recursos econ\u00f3micos, luego que el dictamen fuera aprobado por los integrantes de la 63 legislatura del congreso local. Y por supuesto ya pusieron el grito en el cielo con el hashtag anotado, que tambi\u00e9n pudo haberse llamado #ConmisCuentasNadieSeMete o bien #UnEmperadorNoTienePorqu\u00e9RendirCuentas y por qu\u00e9 no #MiDineroesMiDinero, #SoloAlCreadorLeRendir\u00e9Cuentas, #YoPuedoPedirInformaci\u00f3nPeroaMiNadie. En fin, que la campa\u00f1a es para que no se atreva nadie a querer husmear en sus libros contables. \u00bfAlgo ocultar\u00e1n?<\/p>\n<p>\u00a0\u00a0 \u00a0\u00a0\u00a0 \u00a0\u00a0\u00a0 \u00a0\u00a0\u00a0 \u00a0\u00a0\u00a0 \u00a0***<\/p>\n<p>FRENTE CIUDADANO POR M\u00c9XICO, SIGUE EL VACIL\u00d3N.- Hablemos a nivel estado. El Frente Ciudadano por M\u00e9xico lo comandan: Jos\u00e9 Guadarrama M\u00e1rquez por el PRD, Asael Hern\u00e1ndez por el PAN y Gerardo Sosa Castel\u00e1n por Movimiento Ciudadano. De tal modo, que ni es Frente porque hay una fragmentaci\u00f3n por adelantado, y mucho menos ciudadano. Es algo as\u00ed como la mezcla de chile, dulce y lo que se les puso enfrente, de la que saldr\u00e1n de la gre\u00f1a, porque si algo sobran son egos, y si de algo carecen es de coherencia ideol\u00f3gica. Un verdadero Frankestein que luego no se asusten si se vuelve en contra de sus creadores.<\/p>\n<p>\u00a0\u00a0 \u00a0\u00a0\u00a0 \u00a0\u00a0\u00a0 \u00a0\u00a0\u00a0 \u00a0\u00a0\u00a0 \u00a0***<\/p>\n<p>UN NUEVO DIARIO DIGITAL.- El diario AM cuya casa matriz est\u00e1 en Guanajuato, finalmente decidi\u00f3 empezar operaciones en territorio hidalguense con una edici\u00f3n digital que estar\u00e1 dirigida por el periodista, Jorge Mart\u00ednez L\u00f3pez, quien hab\u00eda anticipado al dejar la direcci\u00f3n de Comunicaci\u00f3n Social de la Presidencia de Pachuca, que se incorporar\u00eda a un proyecto informativo a trav\u00e9s de internet. Por muchas razones estamos seguros que la experiencia y profesionalismos de Mart\u00ednez L\u00f3pez, son una garant\u00eda para los inversionistas guanajuateneses, y sin duda una opci\u00f3n importante para los lectores hidalguenses. Enhorabuena y nuestros mejores deseos.<\/p>\n<p>Por hoy, usted puede DARSE POR ENTERADO<br \/>desexenterado@gmail.com<br \/>@desexenterado<\/p>\n","protected":false},"excerpt":{"rendered":"<p>MARCO ANTONIO CABA\u00d1AS.- Nuestro corresponsal en el Valle del Mezquital realiza todos los d\u00edas un trabajo intenso, esforzado. Es de los que siempre acude al lugar de los hechos y tiene por vocaci\u00f3n hacer periodismo. Vaya pues que su labor es profesional en todo el sentido de la palabra, y eso se lo reconocemos. Sin [&hellip;]<\/p>\n","protected":false},"author":93,"featured_media":0,"comment_status":"open","ping_status":"open","sticky":false,"template":"","format":"standard","meta":{"footnotes":""},"categories":[83,42],"tags":[66],"class_list":["post-49101","post","type-post","status-publish","format-standard","hentry","category-dese-por-enterado","category-nuestrapalabra","tag-dese"],"_links":{"self":[{"href":"https:\/\/plazajuarez.mx\/historico\/wp-json\/wp\/v2\/posts\/49101","targetHints":{"allow":["GET"]}}],"collection":[{"href":"https:\/\/plazajuarez.mx\/historico\/wp-json\/wp\/v2\/posts"}],"about":[{"href":"https:\/\/plazajuarez.mx\/historico\/wp-json\/wp\/v2\/types\/post"}],"author":[{"embeddable":true,"href":"https:\/\/plazajuarez.mx\/historico\/wp-json\/wp\/v2\/users\/93"}],"replies":[{"embeddable":true,"href":"https:\/\/plazajuarez.mx\/historico\/wp-json\/wp\/v2\/comments?post=49101"}],"version-history":[{"count":0,"href":"https:\/\/plazajuarez.mx\/historico\/wp-json\/wp\/v2\/posts\/49101\/revisions"}],"wp:attachment":[{"href":"https:\/\/plazajuarez.mx\/historico\/wp-json\/wp\/v2\/media?parent=49101"}],"wp:term":[{"taxonomy":"category","embeddable":true,"href":"https:\/\/plazajuarez.mx\/historico\/wp-json\/wp\/v2\/categories?post=49101"},{"taxonomy":"post_tag","embeddable":true,"href":"https:\/\/plazajuarez.mx\/historico\/wp-json\/wp\/v2\/tags?post=49101"}],"curies":[{"name":"wp","href":"https:\/\/api.w.org\/{rel}","templated":true}]}}