{"id":48865,"date":"2017-10-05T14:34:56","date_gmt":"2017-10-05T14:34:56","guid":{"rendered":"http:\/\/plazajuarez.mx\/index\/index.php\/2017\/10\/05\/se-reunen-diputados-del-pan-y-prd-previo-a-la-eleccion-de-fiscal-anticorrupcion\/"},"modified":"2017-10-05T14:34:56","modified_gmt":"2017-10-05T14:34:56","slug":"se-reunen-diputados-del-pan-y-prd-previo-a-la-eleccion-de-fiscal-anticorrupcion","status":"publish","type":"post","link":"https:\/\/plazajuarez.mx\/historico\/se-reunen-diputados-del-pan-y-prd-previo-a-la-eleccion-de-fiscal-anticorrupcion\/","title":{"rendered":"Se re\u00fanen diputados del PAN y PRD previo a la elecci\u00f3n de Fiscal Anticorrupcion"},"content":{"rendered":"<p>Diputados del Partido de la Revoluci\u00f3n Democr\u00e1tica (PRD) se re\u00fanen con el dirigente estatal, Ram\u00f3n Flores, en conocido restaurante que se ubica cerca al recinto legislativo, mientras en otra mesa los legisladores de la bancada del Partido Acci\u00f3n Nacional (PAN) hacen lo mismo con su dirigente estatal, Asael Hern\u00e1ndez<\/p>\n<p>  <!--more-->  <\/p>\n<p>Cabe destacar que en unos momentos m\u00e1s en el Congreso Local se llevar\u00e1 a cabo la propuesta para nombrar al Fiscal Anticorrupci\u00f3n en Hidalgo.<\/p>\n<p>Ayer\u00a0 trascendi\u00f3 que la Comisi\u00f3n\u00a0 Permanente de Seguridad Ciudadana y Justicia acord\u00f3 por unanimidad presentar como selecci\u00f3n a Ricardo C\u00e9sar Gonz\u00e1lez Ba\u00f1os, por lo que hoy en sesi\u00f3n ordinaria ser\u00e1 la discusi\u00f3n en torno a la propuesta que se subir\u00e1 al pleno, misma que podr\u00eda ser aprobada por la 63 legislatura.\u00a0<\/p>\n<p>Sin embargo la informaci\u00f3n no pudo ser confirmada por el Congreso Local.<\/p>\n","protected":false},"excerpt":{"rendered":"<p>Diputados del Partido de la Revoluci\u00f3n Democr\u00e1tica (PRD) se re\u00fanen con el dirigente estatal, Ram\u00f3n Flores, en conocido restaurante que se ubica cerca al recinto legislativo, mientras en otra mesa los legisladores de la bancada del Partido Acci\u00f3n Nacional (PAN) hacen lo mismo con su dirigente estatal, Asael Hern\u00e1ndez<\/p>\n","protected":false},"author":6,"featured_media":0,"comment_status":"open","ping_status":"open","sticky":false,"template":"","format":"standard","meta":{"footnotes":""},"categories":[59],"tags":[],"class_list":["post-48865","post","type-post","status-publish","format-standard","hentry","category-general"],"_links":{"self":[{"href":"https:\/\/plazajuarez.mx\/historico\/wp-json\/wp\/v2\/posts\/48865","targetHints":{"allow":["GET"]}}],"collection":[{"href":"https:\/\/plazajuarez.mx\/historico\/wp-json\/wp\/v2\/posts"}],"about":[{"href":"https:\/\/plazajuarez.mx\/historico\/wp-json\/wp\/v2\/types\/post"}],"author":[{"embeddable":true,"href":"https:\/\/plazajuarez.mx\/historico\/wp-json\/wp\/v2\/users\/6"}],"replies":[{"embeddable":true,"href":"https:\/\/plazajuarez.mx\/historico\/wp-json\/wp\/v2\/comments?post=48865"}],"version-history":[{"count":0,"href":"https:\/\/plazajuarez.mx\/historico\/wp-json\/wp\/v2\/posts\/48865\/revisions"}],"wp:attachment":[{"href":"https:\/\/plazajuarez.mx\/historico\/wp-json\/wp\/v2\/media?parent=48865"}],"wp:term":[{"taxonomy":"category","embeddable":true,"href":"https:\/\/plazajuarez.mx\/historico\/wp-json\/wp\/v2\/categories?post=48865"},{"taxonomy":"post_tag","embeddable":true,"href":"https:\/\/plazajuarez.mx\/historico\/wp-json\/wp\/v2\/tags?post=48865"}],"curies":[{"name":"wp","href":"https:\/\/api.w.org\/{rel}","templated":true}]}}