{"id":48861,"date":"2017-10-05T14:06:32","date_gmt":"2017-10-05T14:06:32","guid":{"rendered":"http:\/\/plazajuarez.mx\/index\/index.php\/2017\/10\/05\/retratos-hablados-467\/"},"modified":"2017-10-05T14:06:32","modified_gmt":"2017-10-05T14:06:32","slug":"retratos-hablados-467","status":"publish","type":"post","link":"https:\/\/plazajuarez.mx\/historico\/retratos-hablados-467\/","title":{"rendered":"RETRATOS HABLADOS"},"content":{"rendered":"<p>* Luna de octubre<br \/>Ha tardado m\u00e1s de la cuenta en salir la luna en el primer d\u00eda de octubre. Seguramente no lo har\u00e1 porque el cielo ha estado nublado desde la ma\u00f1ana, y pasadas las seis de la tarde la esperanza de verla resplandeciente se ha perdido, de tal modo que el arranque del mes que la idealiza result\u00f3 igual que cualquier otro. Es m\u00e1s, lo \u00fanico que ha estado presente es un aire que recuerda los tiempos antiguos de Pachuca, cuando no daban ganas ni de asomarse a la esquina.<\/p>\n<p>  <!--more-->  <\/p>\n<p>\u00a0\u00a0 \u00a0Ya no hacen el tiempo igual que antes. Me recuerda a don Manuelito que cubri\u00f3 la regi\u00f3n de Tizayuca durante mucho tiempo en este diario, y que un d\u00eda nos coment\u00f3 a Crist\u00f3bal, editor de la secci\u00f3n de Regi\u00f3n, y a quien esto escribe que hab\u00eda sido admirador permanente de los poderes afrodis\u00edacos de los ostiones a lo largo de su existencia, pero algo hab\u00eda pasado que ya no funcionaban, \u201cya no salen como antes\u201d, coment\u00f3 sin el menor af\u00e1n de bromear, todo serio y compungido.<br \/>\u00a0\u00a0 \u00a0Lo mismo pasa con las estaciones del a\u00f1o.<br \/>\u00a0\u00a0 \u00a0Hay poca seriedad en las fechas, y por eso la luna qui\u00e9n sabe hasta cu\u00e1ndo aparecer\u00e1 en el cielo, que \u00faltimamente resulta m\u00e1s hura\u00f1o que quienes habitamos la ciudad. Se esconde, usa una capa densa de nubes y no permite ver sus verdaderas intenciones. Es definitivo que la luna tardar\u00e1 mucho para iluminar la noche.<br \/>\u00a0\u00a0 \u00a0Cada a\u00f1o es ya una tradici\u00f3n recordar la canci\u00f3n esa de que, \u201cde las lunas, la de octubre es m\u00e1s hermosa\u201d. Pues ahora ni luna.<br \/>\u00a0\u00a0 \u00a0En un abrir y cerrar de ojos se nos fue el a\u00f1o, y luego vendr\u00e1n los fieles difuntos, mi cumplea\u00f1os por supuesto \u2013ya en plena bajada en la resbaladilla que solo puede conducir a la salida-, la navidad, el a\u00f1o nuevo y otra vez a darle vuelta a la cuerda del reloj.<br \/>\u00a0\u00a0 \u00a0Hay pocos asuntos que comentar, o tal vez muchos, pero la tarde result\u00f3 tan desabrida, que solo un milagro har\u00e1 de la noche algo interesante.<br \/>\u00a0\u00a0 \u00a0Ten\u00eda la esperanza de que una gigantesca pelota plateada en el horizonte dar\u00eda constancia absoluta de que algo cambia al paso de los meses, pero habr\u00e1 que conformarse con que al menos hoy no pas\u00f3 nada.<br \/>\u00a0\u00a0 \u00a0A veces resulta aconsejable quedarse quieto, no salir de la casa, consumirse entre las s\u00e1banas, ver sin mirar la televisi\u00f3n, ir de un lado a otro en la internet, rogar para que llegue la noche simplemente y pensar que ma\u00f1ana, siempre ma\u00f1ana, todo deber\u00e1 ser diferente.<br \/>\u00a0\u00a0 \u00a0Es lo mismo, aseguran los que gustan del pesimismo, pero sin esperanza de que algo cambie no llega el sue\u00f1o.<br \/>\u00a0\u00a0 \u00a0As\u00ed que delo por hecho que ma\u00f1ana, es decir hoy cuando me lea, la luna como una pelotota se pondr\u00e1 en el mero centro del cielo, y confirmar\u00e1 que la canci\u00f3n no se equivoca, de tal modo que de las lunas, la de octubre es m\u00e1s hermosa. Aunque vi\u00e9ndolo bien, la luna siempre iluminar\u00e1 el camino de los que saben que su vida empez\u00f3 de nueva cuenta, y que con todo y nublados, su sabor traspasar\u00e1 las nubes, la lluvia, para vestir con renovada alegr\u00eda la vida de los que caminan por las calles brillantes por el agua que no ha dejado de caer.<br \/>\u00a0\u00a0 \u00a0A veces solo es asunto de pensarla, y la luna sabr\u00e1 corresponder, porque as\u00ed es desde tiempos inmemoriales, es decir alegr\u00eda del cielo.<\/p>\n<p>\u00a0\u00a0 \u00a0Mil gracias, hasta ma\u00f1ana.<\/p>\n<p>jeperalta@plazajuarez.mx\/historico\/historico<br \/>twitter: @JavierEPeralta\u00a0\u00a0 \u00a0<\/p>\n<p>CITA:<br \/>\u00a0\u00a0 \u00a0As\u00ed que delo por hecho que ma\u00f1ana, es decir hoy cuando me lea, la luna como una pelotota se pondr\u00e1 en el mero centro del cielo, y confirmar\u00e1 que la canci\u00f3n no se equivoca, de tal modo que de las lunas, la de octubre es m\u00e1s hermosa. Aunque vi\u00e9ndolo bien, la luna siempre iluminar\u00e1 el camino de los que saben que su vida empez\u00f3 de nueva cuenta, y que con todo y nublados, su sabor traspasar\u00e1 las nubes, la lluvia, para vestir con renovada alegr\u00eda la vida de los que caminan por las calles brillantes por el agua que no ha dejado de caer.<\/p>\n","protected":false},"excerpt":{"rendered":"<p>* Luna de octubreHa tardado m\u00e1s de la cuenta en salir la luna en el primer d\u00eda de octubre. Seguramente no lo har\u00e1 porque el cielo ha estado nublado desde la ma\u00f1ana, y pasadas las seis de la tarde la esperanza de verla resplandeciente se ha perdido, de tal modo que el arranque del mes [&hellip;]<\/p>\n","protected":false},"author":93,"featured_media":0,"comment_status":"open","ping_status":"open","sticky":false,"template":"","format":"standard","meta":{"footnotes":""},"categories":[42],"tags":[],"class_list":["post-48861","post","type-post","status-publish","format-standard","hentry","category-nuestrapalabra"],"_links":{"self":[{"href":"https:\/\/plazajuarez.mx\/historico\/wp-json\/wp\/v2\/posts\/48861","targetHints":{"allow":["GET"]}}],"collection":[{"href":"https:\/\/plazajuarez.mx\/historico\/wp-json\/wp\/v2\/posts"}],"about":[{"href":"https:\/\/plazajuarez.mx\/historico\/wp-json\/wp\/v2\/types\/post"}],"author":[{"embeddable":true,"href":"https:\/\/plazajuarez.mx\/historico\/wp-json\/wp\/v2\/users\/93"}],"replies":[{"embeddable":true,"href":"https:\/\/plazajuarez.mx\/historico\/wp-json\/wp\/v2\/comments?post=48861"}],"version-history":[{"count":0,"href":"https:\/\/plazajuarez.mx\/historico\/wp-json\/wp\/v2\/posts\/48861\/revisions"}],"wp:attachment":[{"href":"https:\/\/plazajuarez.mx\/historico\/wp-json\/wp\/v2\/media?parent=48861"}],"wp:term":[{"taxonomy":"category","embeddable":true,"href":"https:\/\/plazajuarez.mx\/historico\/wp-json\/wp\/v2\/categories?post=48861"},{"taxonomy":"post_tag","embeddable":true,"href":"https:\/\/plazajuarez.mx\/historico\/wp-json\/wp\/v2\/tags?post=48861"}],"curies":[{"name":"wp","href":"https:\/\/api.w.org\/{rel}","templated":true}]}}