{"id":48860,"date":"2017-10-05T14:04:20","date_gmt":"2017-10-05T14:04:20","guid":{"rendered":"http:\/\/plazajuarez.mx\/index\/index.php\/2017\/10\/05\/dese-por-enterado-283\/"},"modified":"2020-04-14T19:07:48","modified_gmt":"2020-04-14T19:07:48","slug":"dese-por-enterado-283","status":"publish","type":"post","link":"https:\/\/plazajuarez.mx\/historico\/dese-por-enterado-283\/","title":{"rendered":"DESE POR ENTERADO"},"content":{"rendered":"<p>LECCIONES DEL PATO PASCUAL.- De plano el presidente municipal de Ixmiquilpan, de nombre Pascual, y de apellido Charrez, empieza a dar muestras evidentes de algo raro, y que muchos atribuyen a la ocasi\u00f3n en que fue abducido por una nave interplanetaria; porque de otro modo, de plano, es imposible entender sus arrebatos en que critica, \u201ca esos cabrones que su boca es m\u00e1s \u00e1gil que su cerebro\u201d. Y para muestra de que \u00e9l, por supuesto est\u00e1, no es de esos espec\u00edmenes, dirigi\u00f3 furibunda cr\u00edtica a los hip\u00f3critas que ayudaron a los damnificados por el terremoto, \u201cno es necesario ir a Chiapas o Oaxaca para ser hip\u00f3critas\u201d. Y lo peor del asunto, es que como pasa el tiempo se le observa m\u00e1s y m\u00e1s perdido en una realidad que se ha inventado, en la que es el Alcalde de Oro. Cada vez m\u00e1s preocupante el estado mental de don Pascual.<\/p>\n<p>  <!--more-->  <\/p>\n<p>\u00a0\u00a0 \u00a0\u00a0\u00a0 \u00a0\u00a0\u00a0 \u00a0\u00a0\u00a0 \u00a0\u00a0\u00a0 \u00a0***<\/p>\n<p>TERESA SAMPERIO.- El pr\u00f3ximo lunes se llevar\u00e1 a cabo el homenaje luctuoso en recuerdo del comandante Ernesto Guevara, El Che Guevara, organizado por el Movimiento Verde Olivo. Teresa Samperio Le\u00f3n, integrante del mismo, se\u00f1al\u00f3 que habr\u00e1 una exposici\u00f3n fotogr\u00e1fica, adem\u00e1s de un conversatorio sobre el legado del guerrillero. Puntualiz\u00f3 que ning\u00fan partido pol\u00edtico participa, para que no se vaya a querer hacer presente alg\u00fan personaje perteneciente a esta fauna, para querer sacar provecho personal del evento.<\/p>\n<p>\u00a0\u00a0 \u00a0\u00a0\u00a0 \u00a0\u00a0\u00a0 \u00a0\u00a0\u00a0 \u00a0\u00a0\u00a0 \u00a0***<\/p>\n<p>RICARDO GONZ\u00c1LEZ BA\u00d1OS.- Virtual Fiscal Anticorrupci\u00f3n y votado por unanimidad de la Comisi\u00f3n de Seguridad Ciudadana y Justicia, el actual subprocurador de Procedimientos Penales de la Procuradur\u00eda en la regi\u00f3n poniente de la entidad, tendr\u00e1 una responsabilidad may\u00fascula sobre sus hombros. Hoy el pleno del Congreso estatal votar\u00e1 la decisi\u00f3n de la Comisi\u00f3n anotada. Don Ricardo sabe que el reto es may\u00fasculo, pero lo avala una trayectoria limpia en el servicio p\u00fablico. Suerte.<\/p>\n<p>\u00a0\u00a0 \u00a0\u00a0\u00a0 \u00a0\u00a0\u00a0 \u00a0\u00a0\u00a0 \u00a0\u00a0\u00a0 \u00a0***<\/p>\n<p>LUCHA PERRUNA POR CANDIDATURAS.- Empezaron ya los golpeteos bajo la mesa, encima y hasta en la calle de los que pretenden ser candidatos a diputados federales y senadores. Y no solo del PRI, sino de cualquier partido pol\u00edtico. De tal modo que de aqu\u00ed hasta que termine el asunto, veremos que por todos lados uno se tunde al otro, el otro responde, el primero igual y as\u00ed hasta el infinito. Y dentro de esto las guerras sucias a la orden del d\u00eda, con filtraciones a la prensa, los dichos trascendidos, o de plano los chismes para surtirse al de enfrente. Un show que siempre atrae la atenci\u00f3n del respetable, que curioso espera ver hasta d\u00f3nde llegar\u00e1 el lodazal en que se revuelcan los personajes que perrunamente quieren hueso.<\/p>\n<p>\u00a0\u00a0 \u00a0\u00a0\u00a0 \u00a0\u00a0\u00a0 \u00a0\u00a0\u00a0 \u00a0\u00a0\u00a0 \u00a0***<\/p>\n<p>por hoy, usted puede DARSE POR ENTERADO<br \/>desexenterado@gmail.com<br \/>@desexenterado<\/p>\n","protected":false},"excerpt":{"rendered":"<p>LECCIONES DEL PATO PASCUAL.- De plano el presidente municipal de Ixmiquilpan, de nombre Pascual, y de apellido Charrez, empieza a dar muestras evidentes de algo raro, y que muchos atribuyen a la ocasi\u00f3n en que fue abducido por una nave interplanetaria; porque de otro modo, de plano, es imposible entender sus arrebatos en que critica, [&hellip;]<\/p>\n","protected":false},"author":93,"featured_media":0,"comment_status":"open","ping_status":"open","sticky":false,"template":"","format":"standard","meta":{"footnotes":""},"categories":[83,42],"tags":[66],"class_list":["post-48860","post","type-post","status-publish","format-standard","hentry","category-dese-por-enterado","category-nuestrapalabra","tag-dese"],"_links":{"self":[{"href":"https:\/\/plazajuarez.mx\/historico\/wp-json\/wp\/v2\/posts\/48860","targetHints":{"allow":["GET"]}}],"collection":[{"href":"https:\/\/plazajuarez.mx\/historico\/wp-json\/wp\/v2\/posts"}],"about":[{"href":"https:\/\/plazajuarez.mx\/historico\/wp-json\/wp\/v2\/types\/post"}],"author":[{"embeddable":true,"href":"https:\/\/plazajuarez.mx\/historico\/wp-json\/wp\/v2\/users\/93"}],"replies":[{"embeddable":true,"href":"https:\/\/plazajuarez.mx\/historico\/wp-json\/wp\/v2\/comments?post=48860"}],"version-history":[{"count":0,"href":"https:\/\/plazajuarez.mx\/historico\/wp-json\/wp\/v2\/posts\/48860\/revisions"}],"wp:attachment":[{"href":"https:\/\/plazajuarez.mx\/historico\/wp-json\/wp\/v2\/media?parent=48860"}],"wp:term":[{"taxonomy":"category","embeddable":true,"href":"https:\/\/plazajuarez.mx\/historico\/wp-json\/wp\/v2\/categories?post=48860"},{"taxonomy":"post_tag","embeddable":true,"href":"https:\/\/plazajuarez.mx\/historico\/wp-json\/wp\/v2\/tags?post=48860"}],"curies":[{"name":"wp","href":"https:\/\/api.w.org\/{rel}","templated":true}]}}