{"id":48859,"date":"2017-10-05T14:03:22","date_gmt":"2017-10-05T14:03:22","guid":{"rendered":"http:\/\/plazajuarez.mx\/index\/index.php\/2017\/10\/05\/reconstruccion-material-social-y-politica-de-mexico\/"},"modified":"2017-10-05T14:03:22","modified_gmt":"2017-10-05T14:03:22","slug":"reconstruccion-material-social-y-politica-de-mexico","status":"publish","type":"post","link":"https:\/\/plazajuarez.mx\/historico\/reconstruccion-material-social-y-politica-de-mexico\/","title":{"rendered":"Reconstrucci\u00f3n material, social y pol\u00edtica de M\u00e9xico"},"content":{"rendered":"<p>M\u00e9xico no est\u00e1 bien y no aguanta m\u00e1s. La oportunidad es ahora. Empecemos a actuar: menos privilegios para las clases pol\u00edticas y empresariales, mejor distribuci\u00f3n de la riqueza, alto a la corrupci\u00f3n, a la impunidad y a la inseguridad<\/p>\n<p>  <!--more-->  <\/p>\n<p>Las consecuencias fatales de los recientes sismos, que enlutaron a centenares de familias, obligan a la reconstrucci\u00f3n material de todo lo destruido, colapsado o da\u00f1ado de alguna manera. Esto es responsabilidad principal del gobierno federal, compartida con la C\u00e1mara de Diputados y la participaci\u00f3n del sector privado para asignar los recursos suficientes, \u00e1giles y alejados de la corrupci\u00f3n.<br \/>Adem\u00e1s, requerimos una reconstrucci\u00f3n social de M\u00e9xico, retomando el ejemplo de miles de personas \u2014especialmente j\u00f3venes\u2014 de todos los estratos que se siguen haciendo presentes para aportar su invaluable ayuda en el escenario de la emergencia.<br \/>De nueva cuenta, la mayor\u00eda de los afectados han sido los sectores m\u00e1s necesitados del pa\u00eds; no s\u00f3lo los m\u00e1s pobres, sino tambi\u00e9n los que, con esfuerzos de toda una vida, conformaron su patrimonio.<br \/>La enorme desigualdad social no puede ni debe continuar. Urge reorientar el desarrollo nacional para superar el preocupante d\u00e9ficit de credibilidad de la sociedad hacia las instituciones p\u00fablicas, debido a la falta de respuestas a los reclamos de la poblaci\u00f3n de que se repartan mejor la riqueza y los frutos del desarrollo; se frene y combatan la corrupci\u00f3n, la impunidad y la peligrosa inseguridad.<br \/>El largo tr\u00e1nsito de M\u00e9xico hacia mayores libertades democr\u00e1ticas y derechos sociales e individuales no ha sido acompa\u00f1ado de la ampliaci\u00f3n de oportunidades para hacerlos valer. La l\u00f3gica del modelo econ\u00f3mico de los \u00faltimos 35 a\u00f1os ha ido a contrapelo del desarrollo democr\u00e1tico y lo ha puesto en crisis al obstruir el cumplimiento de las ofertas electorales lo cual \u2014a su vez\u2014 es el caldo de cultivo para la emergencia de pretendidos &#8220;salvadores de la Patria&#8221;.<br \/>La reconstrucci\u00f3n del tejido social va de la mano de la reorientaci\u00f3n y reconstrucci\u00f3n econ\u00f3mica para destinar recursos a la inversi\u00f3n en infraestructura, al campo, a las regiones de menor desarrollo y para crear empleos, incrementar salarios y fortalecer la capacidad adquisitiva de las familias mexicanas.<br \/>Y, contrario a quienes descalifican la pol\u00edtica, lo que viene a eslabonar todos los necesarios esfuerzos ya mencionados, es la reestructuraci\u00f3n del r\u00e9gimen pol\u00edtico a partir de un ejercicio de imaginaci\u00f3n pol\u00edtica. La irritaci\u00f3n de la gente en los d\u00edas posteriores a los sismos vino a subrayar la evidencia de una crisis del r\u00e9gimen presidencialista, de su agotamiento inocultable y su incapacidad para resolver los problemas del pa\u00eds.<br \/>La pluralidad lograda debemos hacerla valer y prevalecer, sin permitir dar &#8220;carta de naturalidad&#8221; a la demagogia que quiere aprovechar el reclamo social contra los &#8220;pol\u00edticos&#8221; (que sin duda deben ser buenos pol\u00edticos), contra el &#8220;costo de la pol\u00edtica&#8221; (que debe costar menos, tambi\u00e9n es cierto), para regresar al pa\u00eds de un solo partido y seguir sin cambiar nada.<br \/>Hacer valer y prevalecer al M\u00e9xico plural y de mayores libertades y derechos para democratizar el poder p\u00fablico, darle voz y poder de decisi\u00f3n a la sociedad, mediante un gobierno de coalici\u00f3n que supere al unipersonal gobierno presidencialista y que la sociedad civil (que exige transparencia y alto a la corrupci\u00f3n) sea escuchada y tomada en cuenta para obligar a la reorientaci\u00f3n y a la reconstrucci\u00f3n integral del pa\u00eds, en el marco de un gobierno que sepa construir acuerdos con todas las fuerzas, como lo ha planteado el Frente Ciudadano por M\u00e9xico (PRD, PAN, MC).<br \/>M\u00e9xico no est\u00e1 bien y no aguanta m\u00e1s. La oportunidad es ahora. Empecemos a actuar: menos privilegios para las clases pol\u00edticas y empresariales, mejor distribuci\u00f3n de la riqueza, alto a la corrupci\u00f3n, a la impunidad y a la inseguridad.<br \/>Ni conformismo pri\u00edsta ni retrocesos con falsos redentores.<\/p>\n","protected":false},"excerpt":{"rendered":"<p>M\u00e9xico no est\u00e1 bien y no aguanta m\u00e1s. La oportunidad es ahora. Empecemos a actuar: menos privilegios para las clases pol\u00edticas y empresariales, mejor distribuci\u00f3n de la riqueza, alto a la corrupci\u00f3n, a la impunidad y a la inseguridad<\/p>\n","protected":false},"author":93,"featured_media":0,"comment_status":"open","ping_status":"open","sticky":false,"template":"","format":"standard","meta":{"footnotes":""},"categories":[42],"tags":[],"class_list":["post-48859","post","type-post","status-publish","format-standard","hentry","category-nuestrapalabra"],"_links":{"self":[{"href":"https:\/\/plazajuarez.mx\/historico\/wp-json\/wp\/v2\/posts\/48859","targetHints":{"allow":["GET"]}}],"collection":[{"href":"https:\/\/plazajuarez.mx\/historico\/wp-json\/wp\/v2\/posts"}],"about":[{"href":"https:\/\/plazajuarez.mx\/historico\/wp-json\/wp\/v2\/types\/post"}],"author":[{"embeddable":true,"href":"https:\/\/plazajuarez.mx\/historico\/wp-json\/wp\/v2\/users\/93"}],"replies":[{"embeddable":true,"href":"https:\/\/plazajuarez.mx\/historico\/wp-json\/wp\/v2\/comments?post=48859"}],"version-history":[{"count":0,"href":"https:\/\/plazajuarez.mx\/historico\/wp-json\/wp\/v2\/posts\/48859\/revisions"}],"wp:attachment":[{"href":"https:\/\/plazajuarez.mx\/historico\/wp-json\/wp\/v2\/media?parent=48859"}],"wp:term":[{"taxonomy":"category","embeddable":true,"href":"https:\/\/plazajuarez.mx\/historico\/wp-json\/wp\/v2\/categories?post=48859"},{"taxonomy":"post_tag","embeddable":true,"href":"https:\/\/plazajuarez.mx\/historico\/wp-json\/wp\/v2\/tags?post=48859"}],"curies":[{"name":"wp","href":"https:\/\/api.w.org\/{rel}","templated":true}]}}