{"id":48858,"date":"2017-10-05T14:02:51","date_gmt":"2017-10-05T14:02:51","guid":{"rendered":"http:\/\/plazajuarez.mx\/index\/index.php\/2017\/10\/05\/ante-la-adversidad\/"},"modified":"2017-10-05T14:02:51","modified_gmt":"2017-10-05T14:02:51","slug":"ante-la-adversidad","status":"publish","type":"post","link":"https:\/\/plazajuarez.mx\/historico\/ante-la-adversidad\/","title":{"rendered":"Ante la adversidad"},"content":{"rendered":"<p>El clima de adversidad hizo reaccionar de forma admirable a todos los actores que componen el pa\u00eds, sac\u00f3 lo mejor de gran cantidad de personas. Escenas que conmovieron al mundo entero mostrando la grandeza de M\u00e9xico, la fuerza interior de M\u00e9xico<\/p>\n<p>  <!--more-->  <\/p>\n<p>El pasado 7 de septiembre sorprendi\u00f3 a los estados de Chiapas y Oaxaca un sismo de 8.2 grados, probablemente el m\u00e1s intenso de la historia reciente de nuestro pa\u00eds. En algunas de las zonas m\u00e1s pobres de esos estados la tragedia fue enorme. En la Ciudad de M\u00e9xico se activaron las alertas s\u00edsmicas, pr\u00e1cticamente no hubo da\u00f1os.<br \/>Doce d\u00edas despu\u00e9s, el 19 de septiembre, otro sismo de 7.1 grados caus\u00f3 un colapso de enormes dimensiones: en la Ciudad de M\u00e9xico: 10 mil inmuebles da\u00f1ados, de los cuales 40 se derrumbaron durante el sismo y 400 deber\u00e1n ser demolidos. Igualmente, los estados de M\u00e9xico, Morelos y Puebla sufrieron graves da\u00f1os. La cifra de muertos contabilizada al momento es de m\u00e1s de 300.<br \/>Vivimos un momento dif\u00edcil. El mes que concluy\u00f3 ha sido uno de los m\u00e1s intensos que podamos recordar en los \u00faltimos a\u00f1os.<br \/>El clima de adversidad hizo reaccionar de forma admirable a todos los actores que componen el pa\u00eds, sac\u00f3 lo mejor de gran cantidad de personas. Escenas que conmovieron al mundo entero mostrando la grandeza de M\u00e9xico, la fuerza interior de M\u00e9xico. Se trat\u00f3 de un gran contraste comparado con los \u00faltimos a\u00f1os en que ha reinado un clima de inconformidad y abulia generalizada.<br \/>Ante ello, es un buen momento para reflexionar, para redescubrirnos, para hacer un par\u00f3n en el camino, valorar lo que somos, lo que hemos logrado y sacar \u00e1nimo para construir un futuro magn\u00e1nimo. Para perdonarnos y entender que es mucho m\u00e1s lo bueno que tenemos que los temas negativos recurrentes, cansinos, de corrupci\u00f3n e inseguridad. Algunas reflexiones de mayor fondo est\u00e1n en el redescubrimiento del hombre que est\u00e1 detr\u00e1s de todo ello, darse la oportunidad de realizar un &#8220;viaje al centro del hombre&#8221;, en palabras de Carlos Llano. El hombre que es capaz de cometer los peores cr\u00edmenes, pero tambi\u00e9n de realizar las m\u00e1s grandes haza\u00f1as.<br \/>El hombre que se desenvuelve en una contradicci\u00f3n: nace para ser pleno, feliz y aspira a ello de todos los modos conscientes e inconscientes, pero que al mismo tiempo est\u00e1 condenado a vivir momentos de dolor. Todos pasamos por momentos de dolor, por adversidades de distinto grado a lo largo de nuestra vida. La adversidad y el sufrimiento que conlleva es inevitable.<br \/>Sin embargo, nuestra cultura se instal\u00f3 desde hace a\u00f1os en la idea de evitar el sufrimiento a toda costa, de no enfrentarlo y con ello de no superarlo. Cuando se evita el sufrimiento por todos los medios posibles la personalidad se achica, la vida deja de ser apasionante, se vuelve ab\u00falica. En cambio, cuando se enfrenta el sufrimiento, la voluntad se crece frente a los obst\u00e1culos, adquiere una profunda grandeza y orgullo y hace que la vida adquiera sentido.<br \/>Desde luego a nadie nos gusta la adversidad, entra a nuestra vida sin preguntarnos, pero es una gran maestra. Nos ense\u00f1a que lo que tenemos se puede perder, que hay que valorarlo, que s\u00f3lo se puede ser feliz por contraste, como ocurre en la vida: la luz se aprecia porque existe la obscuridad, la vida porque existe la muerte, el descanso porque existe el cansancio.<br \/>El psiquiatra V\u00edctor Frankl explica que la salud se basa en un cierto grado de tensi\u00f3n y Schopenhauer constru\u00eda la explicaci\u00f3n de la vida entre tensi\u00f3n y aburrimiento. Dice un viejo proverbio latino: &#8220;La prosperidad muestra a los dichosos, la adversidad revela a los grandes&#8221;. Lo importante ahora es que lo que hemos crecido no se pierda frente a un panorama de normalidad.<br \/>El profundo orgullo simbolizado en Fuerza M\u00e9xico nos ha dado la oportunidad de ser mejores, descubrir que tenemos una grandeza interior que la abulia de la vida sin mayores retos no nos permite ver. Y es que crecer duele, pero el dolor bien llevado convierte nuestra vida en una vida lograda.<\/p>\n","protected":false},"excerpt":{"rendered":"<p>El clima de adversidad hizo reaccionar de forma admirable a todos los actores que componen el pa\u00eds, sac\u00f3 lo mejor de gran cantidad de personas. Escenas que conmovieron al mundo entero mostrando la grandeza de M\u00e9xico, la fuerza interior de M\u00e9xico<\/p>\n","protected":false},"author":93,"featured_media":0,"comment_status":"open","ping_status":"open","sticky":false,"template":"","format":"standard","meta":{"footnotes":""},"categories":[42],"tags":[],"class_list":["post-48858","post","type-post","status-publish","format-standard","hentry","category-nuestrapalabra"],"_links":{"self":[{"href":"https:\/\/plazajuarez.mx\/historico\/wp-json\/wp\/v2\/posts\/48858","targetHints":{"allow":["GET"]}}],"collection":[{"href":"https:\/\/plazajuarez.mx\/historico\/wp-json\/wp\/v2\/posts"}],"about":[{"href":"https:\/\/plazajuarez.mx\/historico\/wp-json\/wp\/v2\/types\/post"}],"author":[{"embeddable":true,"href":"https:\/\/plazajuarez.mx\/historico\/wp-json\/wp\/v2\/users\/93"}],"replies":[{"embeddable":true,"href":"https:\/\/plazajuarez.mx\/historico\/wp-json\/wp\/v2\/comments?post=48858"}],"version-history":[{"count":0,"href":"https:\/\/plazajuarez.mx\/historico\/wp-json\/wp\/v2\/posts\/48858\/revisions"}],"wp:attachment":[{"href":"https:\/\/plazajuarez.mx\/historico\/wp-json\/wp\/v2\/media?parent=48858"}],"wp:term":[{"taxonomy":"category","embeddable":true,"href":"https:\/\/plazajuarez.mx\/historico\/wp-json\/wp\/v2\/categories?post=48858"},{"taxonomy":"post_tag","embeddable":true,"href":"https:\/\/plazajuarez.mx\/historico\/wp-json\/wp\/v2\/tags?post=48858"}],"curies":[{"name":"wp","href":"https:\/\/api.w.org\/{rel}","templated":true}]}}