{"id":48783,"date":"2017-10-04T04:28:49","date_gmt":"2017-10-04T04:28:49","guid":{"rendered":"http:\/\/plazajuarez.mx\/index\/index.php\/2017\/10\/04\/retratos-hablados-465\/"},"modified":"2017-10-04T04:28:49","modified_gmt":"2017-10-04T04:28:49","slug":"retratos-hablados-465","status":"publish","type":"post","link":"https:\/\/plazajuarez.mx\/historico\/retratos-hablados-465\/","title":{"rendered":"RETRATOS HABLADOS"},"content":{"rendered":"<p>\u00a0\u00a0\u00a0 \u2022\u00a0\u00a0 \u00a0De la tragedia a los sue\u00f1os\u2028<\/p>\n<p>  <!--more-->  <\/p>\n<p>Una constante de la sociedad en que vivimos es la apat\u00eda ante cualquier convocatoria a la participaci\u00f3n, \u201cporque de nada sirve hacerlo, porque da igual, porque solo es p\u00e9rdida de tiempo\u201d. De tal modo que nos hemos acostumbrado a que sea una minor\u00eda la que decida en todo momento, y a ser cr\u00edticos inmisericordes de lo que hacen o dejan de hacer. El abstencionismo es una historia permanente en nuestras existencias.<br \/>\u00a0\u00a0 \u00a0 A veces, incluso, nos abstenemos de vivir.<br \/>\u00a0\u00a0 \u00a0Sucede de manera repetitiva, e incluso invade hasta los rincones m\u00e1s particulares de la existencia . No nos gusta levantar la mano para decirle s\u00ed a un comit\u00e9 de colonos, de la escuela de los hijos, del trabajo, de nada. Preferimos dejar que otros lo hagan y convertirnos en cr\u00edticos de todo y nada.<br \/>\u00a0\u00a0 \u00a0No todos, por supuesto, pero s\u00ed una inmensa mayor\u00eda.<br \/>\u00a0\u00a0 \u00a0S\u00f3lo eventos cr\u00edticos nos levantan de pronto, nos sacan del sopor, para interesarnos en la sociedad que nos ha tocado vivir. Entonces descubrimos que tenemos la capacidad absoluta para convocarnos, encontrarnos y a partir de ello tomar acciones que modifiquen sustancialmente un futuro que consider\u00e1bamos irremediablemente perdido.<br \/>\u00a0\u00a0 \u00a0Empezamos mirar que participar no es solo asunto de ir a votar cuando hay elecciones, sino de traducir el sentimiento de inter\u00e9s y solidaridad que nos deja una tragedia, en un esquema del diario vivir, en que seamos interesados, en el buen sentido de la palabra, en lo que le pase al vecino, al compa\u00f1ero de trabajo, al ni\u00f1o que asiste con nuestro hijo o nieta a la escuela.<br \/>\u00a0\u00a0 \u00a0Interesarnos y que esto sea finalmente una acci\u00f3n. Acci\u00f3n que puede desembocar en participar en tener una mejor unidad habitacional, escuela, centro laboral.<br \/>\u00a0\u00a0 \u00a0Siempre hemos pensado que lo m\u00e1s importante y vital es votar cuando hay que votar. Por supuesto que lo es, pero no es necesariamente lo crucial en el desarrollo de una sociedad; no puede entenderse como una catarsis colectiva con poderes m\u00e1gicos, porque evidentemente no los tiene.<br \/>\u00a0\u00a0 \u00a0Si algo aprendimos del terremoto del 19 de septiembre, es que somos capaces de ser unidos cuando as\u00ed lo decidimos, y eso marca una diferencia abismal con otras sociedades que siempre hab\u00edamos considerado m\u00e1s desarrolladas y absolutamente democr\u00e1ticas, cuando no es as\u00ed.<br \/>\u00a0\u00a0 \u00a0De lo tr\u00e1gico sin duda que podemos aprender, y dejar ahora que sean esas nuevas generaciones que dieron y dan muestra de un esp\u00edritu absoluto de amor por sus semejantes, las que de manera definitiva empiecen a marcar el paso de lo que ser\u00e1 el M\u00e9xico al que siempre aspiramos.<br \/>\u00a0\u00a0 \u00a0Nosotros, los que de alguna manera somos identificados como \u201clos de edad\u201d, tendremos que hacer lo necesario desde los espacios que a\u00fan est\u00e1n disponibles, en los comit\u00e9s de vecinos, de padres de familia, del centro laboral. Y la f\u00f3rmula es una y simple: participar.<br \/>\u00a0\u00a0 \u00a0Quiero pensar, estar absolutamente seguro, que el 19 de septiembre marc\u00f3 el inicio de una etapa \u00fanica y fundamental en la historia del pa\u00eds. Que no se quedar\u00e1 todo en unos d\u00edas, unas semanas simplemente en que todos descubrimos que podemos ser otros, los que siempre so\u00f1amos.<br \/>\u00a0\u00a0 \u00a0Quiero pensar que a los que ya cursamos el tiempo de la juventud, nos tocar\u00e1 ver el cambio que esperamos y esperamos, hasta pensar que nunca llegar\u00eda.<br \/>\u00a0\u00a0 \u00a0Quiero pensar que todav\u00eda es tiempo.<\/p>\n<p>Mil gracias, hasta ma\u00f1ana.<\/p>\n<p>jeperalta@plazajuarez.mx\/historico\/historico<br \/>@JavierEPeralta<\/p>\n<p>CITA:<br \/>\u00a0\u00a0 \u00a0De lo tr\u00e1gico sin duda que podemos aprender, y dejar ahora que sean esas nuevas generaciones que dieron y dan muestra de un esp\u00edritu absoluto de amor por sus semejantes, las que de manera definitiva empiecen a marcar el paso de lo que ser\u00e1 el M\u00e9xico al que siempre aspiramos.<\/p>\n<p>\u00a0\u00a0 \u00a0<\/p>\n","protected":false},"excerpt":{"rendered":"<p>\u00a0\u00a0\u00a0 \u2022\u00a0\u00a0 \u00a0De la tragedia a los sue\u00f1os\u2028<\/p>\n","protected":false},"author":93,"featured_media":0,"comment_status":"open","ping_status":"open","sticky":false,"template":"","format":"standard","meta":{"footnotes":""},"categories":[42],"tags":[],"class_list":["post-48783","post","type-post","status-publish","format-standard","hentry","category-nuestrapalabra"],"_links":{"self":[{"href":"https:\/\/plazajuarez.mx\/historico\/wp-json\/wp\/v2\/posts\/48783","targetHints":{"allow":["GET"]}}],"collection":[{"href":"https:\/\/plazajuarez.mx\/historico\/wp-json\/wp\/v2\/posts"}],"about":[{"href":"https:\/\/plazajuarez.mx\/historico\/wp-json\/wp\/v2\/types\/post"}],"author":[{"embeddable":true,"href":"https:\/\/plazajuarez.mx\/historico\/wp-json\/wp\/v2\/users\/93"}],"replies":[{"embeddable":true,"href":"https:\/\/plazajuarez.mx\/historico\/wp-json\/wp\/v2\/comments?post=48783"}],"version-history":[{"count":0,"href":"https:\/\/plazajuarez.mx\/historico\/wp-json\/wp\/v2\/posts\/48783\/revisions"}],"wp:attachment":[{"href":"https:\/\/plazajuarez.mx\/historico\/wp-json\/wp\/v2\/media?parent=48783"}],"wp:term":[{"taxonomy":"category","embeddable":true,"href":"https:\/\/plazajuarez.mx\/historico\/wp-json\/wp\/v2\/categories?post=48783"},{"taxonomy":"post_tag","embeddable":true,"href":"https:\/\/plazajuarez.mx\/historico\/wp-json\/wp\/v2\/tags?post=48783"}],"curies":[{"name":"wp","href":"https:\/\/api.w.org\/{rel}","templated":true}]}}