{"id":48715,"date":"2017-10-03T04:18:21","date_gmt":"2017-10-03T04:18:21","guid":{"rendered":"http:\/\/plazajuarez.mx\/index\/index.php\/2017\/10\/03\/el-doloroso-parto-de-la-independencia-catalana\/"},"modified":"2017-10-03T04:18:21","modified_gmt":"2017-10-03T04:18:21","slug":"el-doloroso-parto-de-la-independencia-catalana","status":"publish","type":"post","link":"https:\/\/plazajuarez.mx\/historico\/el-doloroso-parto-de-la-independencia-catalana\/","title":{"rendered":"El doloroso parto de la independencia catalana"},"content":{"rendered":"<p>\u00a0 \u2022\u00a0\u00a0 \u00a0M\u00e1s recientemente, en 1968 Espa\u00f1a le otorg\u00f3 la \u00a0independencia a Guinea Ecuatorial y en 1976 al Sahara Occidental\u2028<\/p>\n<p>  <!--more-->  <\/p>\n<p>La lucha de los pueblos por su independencia de Espa\u00f1a nunca fue pac\u00edfica en el pasado, no s\u00f3lo en sus territorios de ultramar en \u00c1frica, Asia o Am\u00e9rica, los vascos tambi\u00e9n debieron recurrir a las armas para exigirla. El Siglo XIX estuvo marcado por guerras interminables de los criollos espa\u00f1oles por independizarse de la metr\u00f3poli, arrastrando tras ellos a nativos, negros, mulatos y zambos esclavos, as\u00ed como a mestizos no menos despreciados por los espa\u00f1oles.<\/p>\n<p>En Am\u00e9rica, Espa\u00f1a perdi\u00f3 sus \u00faltimas posesiones en 1898, cuando firm\u00f3 los acuerdos de paz de Par\u00eds con los patriotas cubanos, formalidad que s\u00f3lo dio paso para ceder la isla mayor del Caribe a los Estados Unidos, al igual que lo hizo con Puerto Rico y Filipinas en Asia. M\u00e1s recientemente, en 1968 Espa\u00f1a le otorg\u00f3 la \u00a0independencia a Guinea Ecuatorial y en 1976 al Sahara Occidental.<\/p>\n<p>Ahora Espa\u00f1a se ve enfrentada a los independentistas catalanes y vascos que pretenden alcanzarla, no con las armas, sino a trav\u00e9s de la urnas. En el Siglo XXI, en Siglo de la tecnolog\u00eda digital y las comunicaciones, la disyuntiva parece ser urnas o armas para alcanzar la independencia o para acceder al poder; la v\u00eda electoral se est\u00e1 imponiendo a la idea de la lucha armada del pasado; sin embargo, valdr\u00e1 la pena preguntarnos si las democracias han madurado para aceptar la voluntad de pueblo.<\/p>\n<p>No se trata s\u00f3lo del refer\u00e9ndum independentista de los catalanes del domingo 1 de octubre pasado, sino del refer\u00e9ndum por la independencia del Kurdist\u00e1n iraqu\u00ed del 25 de septiembre pasado, cuyos resultados han sido rechazados por los gobiernos centrales de Espa\u00f1a e Irak, respectivamente. S\u00ed la v\u00edas pac\u00edficas y democr\u00e1ticas se cierran para los ciudadanos ahora \u00bfNo se les estar\u00e1 empujando a la violencia?.<\/p>\n<p>Los gobernantes catalanes finalmente, en contra de la voluntad del gobierno espa\u00f1ol, organizaron su refer\u00e9ndum independentista y, a pesar de la violencia del gobierno central, dicen haber alcanzado el 90% de votos a favor de la independencia de Catalu\u00f1a; resultado esperado que no sorprende a nadie, pues desde hace a\u00f1os esa es la voluntad de la mayor\u00eda de los catalanes, la de tener su propio Estado; no as\u00ed la de los miles de espa\u00f1oles de las diferentes regiones que a trav\u00e9s de los a\u00f1os han hecho de Catalu\u00f1a su hogar y se oponen a su independencia.<\/p>\n<p>Las autoridades catalanas han dicho que al menos m\u00e1s de dos millones de personas de los 7.5 millones de catalanes participaron en la consulta popular, en la cual s\u00f3lo el 7.8% de los votos, unos 176 mil, se opusieron a la independencia catalana. Para el jefe del gobierno catal\u00e1n, Carles Puigdemont, no importa que s\u00f3lo haya participado el 42.3% de los electores por la violencia desatada desde Madrid, lo importante ha sido el aplastante \u201cS\u00ed\u201d a la independencia.<\/p>\n<p>Ahora, la suerte est\u00e1 echada para Carles Puigdemont, uno hombre de 54 a\u00f1os que dirige el gobierno de Catalu\u00f1a desde principios de 2016, no hay vuelta atr\u00e1s, y ha desafiado al Estado espa\u00f1ol sobre este tema que divide a los catalanes, la independencia de Espa\u00f1a. El paso siguiente es una huelga general contra el gobierno espa\u00f1ol, a la cual se han sumado 44 organizaciones, entre sindicatos y asociaciones separatistas, la cual iniciar\u00e1 con una marcha de protesta este martes en Catalu\u00f1a.<\/p>\n<p>El presidente de Espa\u00f1a, Mariano Rajoy, dijo el domingo por la noche despu\u00e9s del refer\u00e9ndum que, \u201cHoy no ha habido un refer\u00e9ndum de autodeterminaci\u00f3n en Catalu\u00f1a. El Estado de derecho se mantiene en vigor con toda su fuerza\u201d, reafirmando su rechazo a la independencia de Catalu\u00f1a y a cualquier refer\u00e9ndum que pretenda validarla.<\/p>\n<p>Mariano Rajoy dijo que Carles Puigdemont fue uno de los l\u00edderes que hab\u00eda promovido la violaci\u00f3n contra la ley y la ruptura de la convivencia pac\u00edfica, por lo que, como en el pasado en las antiguas colonias espa\u00f1olas, seguramente los l\u00edderes independentistas ser\u00e1n perseguidos y hechos a un lado a cualquier costo \u00bfPara que le sirve la historia y la experiencia del pasado al gobierno espa\u00f1ol, de guerras y guerras independentistas perdidas?.<\/p>\n<p>Es verdad que ahora la persecuci\u00f3n judicial podr\u00edan caer contra Carles Puigdemont; por desobediencia, prevaricaci\u00f3n y malversaci\u00f3n de fondos p\u00fablicos, m\u00e1s otros cargos que se puedan inventar en el camino; pero a Mariano Rajoy tambi\u00e9n la ha llegado la hora, por provocar una de las mayores crisis pol\u00edtica de Espa\u00f1a desde que regres\u00f3 a la democracia. La violencia genera m\u00e1s violencia, radicaliza posiciones y seguramente, la derecha y la socialdemocracia ser\u00e1n superados por la izquierda pronto, para redibujar a Espa\u00f1a con los que realmente se sienten espa\u00f1oles y aman a su pa\u00eds, dejando en libertad a los \u00faltimos pueblos sojuzgados por la fuerza durante siglos.<\/p>\n","protected":false},"excerpt":{"rendered":"<p>\u00a0 \u2022\u00a0\u00a0 \u00a0M\u00e1s recientemente, en 1968 Espa\u00f1a le otorg\u00f3 la \u00a0independencia a Guinea Ecuatorial y en 1976 al Sahara Occidental\u2028<\/p>\n","protected":false},"author":93,"featured_media":0,"comment_status":"open","ping_status":"open","sticky":false,"template":"","format":"standard","meta":{"footnotes":""},"categories":[42],"tags":[],"class_list":["post-48715","post","type-post","status-publish","format-standard","hentry","category-nuestrapalabra"],"_links":{"self":[{"href":"https:\/\/plazajuarez.mx\/historico\/wp-json\/wp\/v2\/posts\/48715","targetHints":{"allow":["GET"]}}],"collection":[{"href":"https:\/\/plazajuarez.mx\/historico\/wp-json\/wp\/v2\/posts"}],"about":[{"href":"https:\/\/plazajuarez.mx\/historico\/wp-json\/wp\/v2\/types\/post"}],"author":[{"embeddable":true,"href":"https:\/\/plazajuarez.mx\/historico\/wp-json\/wp\/v2\/users\/93"}],"replies":[{"embeddable":true,"href":"https:\/\/plazajuarez.mx\/historico\/wp-json\/wp\/v2\/comments?post=48715"}],"version-history":[{"count":0,"href":"https:\/\/plazajuarez.mx\/historico\/wp-json\/wp\/v2\/posts\/48715\/revisions"}],"wp:attachment":[{"href":"https:\/\/plazajuarez.mx\/historico\/wp-json\/wp\/v2\/media?parent=48715"}],"wp:term":[{"taxonomy":"category","embeddable":true,"href":"https:\/\/plazajuarez.mx\/historico\/wp-json\/wp\/v2\/categories?post=48715"},{"taxonomy":"post_tag","embeddable":true,"href":"https:\/\/plazajuarez.mx\/historico\/wp-json\/wp\/v2\/tags?post=48715"}],"curies":[{"name":"wp","href":"https:\/\/api.w.org\/{rel}","templated":true}]}}