{"id":48659,"date":"2017-10-02T14:05:06","date_gmt":"2017-10-02T14:05:06","guid":{"rendered":"http:\/\/plazajuarez.mx\/index\/index.php\/2017\/10\/02\/crisis-oportunidad\/"},"modified":"2017-10-02T14:05:06","modified_gmt":"2017-10-02T14:05:06","slug":"crisis-oportunidad","status":"publish","type":"post","link":"https:\/\/plazajuarez.mx\/historico\/crisis-oportunidad\/","title":{"rendered":"Crisis\/Oportunidad"},"content":{"rendered":"<p>FAMILIA POL\u00cdTICA<br \/>Es verdaderamente injustificable, por ejemplo, advertir c\u00f3mo los llamados \u201cPadres de los cuarenta y tres\u201d atacan instalaciones militares. \u00a0En estos momentos de crisis, no s\u00f3lo surge la oportunidad para que los h\u00e9roes emerjan, como bellas flores entre el dolor, la desolaci\u00f3n y la muerte; tambi\u00e9n rondan zopilotes sobre el cielo del desastre. \u00a0Buscan carro\u00f1a pol\u00edtica y econ\u00f3mica para saciar su gula disfrazada de justicia.<\/p>\n<p>  <!--more-->  <\/p>\n<p>\u201cToda crisis lleva en s\u00ed misma<br \/>el germen de su propia soluci\u00f3n\u201d.<\/p>\n<p>Principio epistemol\u00f3gico.<\/p>\n<p>Un Presidente de la Rep\u00fablica, m\u00e1s reconocido por sus habilidades ret\u00f3ricas que por sus cualidades de estadista o sus capacidades en el manejo de las finanzas p\u00fablicas, en un informe de gobierno hac\u00eda referencia a un anagrama chino que presenta por una de sus caras la idea de crisis y por otra la imagen de oportunidad; esto puede identificarse con el principio dial\u00e9ctico que se enuncia en el ep\u00edgrafe del presente art\u00edculo: \u201cToda crisis lleva en s\u00ed misma el germen de su propia soluci\u00f3n\u201d.<\/p>\n<p>Diversos pensadores coinciden en afirmar que los grandes seres humanos se forjan en la adversidad; de ello dan fe la Historia, la Literatura y otras disciplinas humanistas. \u00a0Juana de Arco, Galileo Galilei, Pico della Mirandola, S\u00f3crates, Jes\u00fas de Nazareth\u2026 viven en la memoria colectiva porque el fuego de sus hogueras, la mort\u00edfera cicuta y la terror\u00edfica cruz, nutren su vocaci\u00f3n de eternidad. \u00a0Los instrumentos que los mataron, los hacen vivir por siempre.<\/p>\n<p>En nuestro devenir patrio, sabemos que sin la fatalidad de sus circunstancias, llenas de traiciones, intrigas y violencia, Ju\u00e1rez, por ejemplo, no habr\u00eda logrado estatura de pr\u00f3cer universal, ni Madero calidad de Ap\u00f3stol.<\/p>\n<p>Por desgracia, no s\u00f3lo los hombres, sino tambi\u00e9n la naturaleza, c\u00edclicamente se erige en generadora de m\u00e1rtires, h\u00e9roes o villanos individuales y colectivos.<\/p>\n<p>A riesgo de contribuir a la enajenaci\u00f3n del ambiente en estos d\u00edas en los cuales televisi\u00f3n, peri\u00f3dicos, redes sociales, pl\u00e1ticas de caf\u00e9, tertulias de comadres y todas las formas imaginables de comunicaci\u00f3n humana, no abordan temas que no tengan relaci\u00f3n con los recientes desastres meteorol\u00f3gicos, los cuales son la renta que la humanidad aporta por habitar este planeta tan deteriorado por sus propios hu\u00e9spedes. \u00a0Por desgracia, el precio es alto, se paga con vidas humanas y elevadas p\u00e9rdidas patrimoniales.<\/p>\n<p>Como todo ser vivo, la tierra se defiende de sus depredadores y par\u00e1sitos; hasta un perro se rasca para sacudirse las pulgas.<\/p>\n<p>En mayor o menor grado las tragedias nos afectan a todos. \u00a0Su presencia cercana genera h\u00e9roes civiles y militares, en su mayor parte an\u00f3nimos, aunque tambi\u00e9n villanos que medran con el dolor humano sin el m\u00ednimo pudor al amparo del anonimato o del hu\u00e9rfano rumor. \u00a0El bien y el mal son las dos caras de una misma moneda.<\/p>\n<p>Las tragedias generan crisis y oportunidades; \u00e9stas pueden calificarse como buenas o malas seg\u00fan los diversos puntos de vista. \u00a0Ante la desgracia colectiva y compartida un simple ciudadano suele revelarse como s\u00faper h\u00e9roe dotado del supremo don de salvar vidas; poder que surge de su dif\u00edcil circunstancia. \u00a0Es admirable conocer las historias de aquellos que arriesgan sus propias vidas para salvar a personas que ni siquiera conocen. \u00a0Ellos, humanos y animales, en algunos casos se preparan previamente para responder a estos tr\u00e1gicos eventos, pero la mayor\u00eda descubre su hero\u00edsmo de manera espont\u00e1nea. \u00a0Por desgracia, como ya dijimos, lo bueno y lo malo, son dos extremos de una misma realidad.<\/p>\n<p>Parece mentira que en escenarios de dolor profundo para un conglomerado social, haya alguien que encuentre en la crisis una oportunidad innoble. \u00a0La rapi\u00f1a no s\u00f3lo es conducta de buitres; tambi\u00e9n suele ser delincuencia organizada, refinada ilicitud de cuello blanco. \u00a0Desviar en beneficio propio recursos destinados a quienes perdieron familia y patrimonio, implica un bajo nivel \u00e9tico y solidario, para dar prioridad al oportunismo mezquino, econ\u00f3mico y\/o pol\u00edtico.<\/p>\n<p>Igualmente reprobable, es capitalizar el dolor y la desesperaci\u00f3n para generar odios contra el gobierno, a pesar de la indudable presencia de marinos, militares, polic\u00edas y funcionarios de alto rango. \u00a0Parece inconcebible, el uso de las redes sociales para atacar al Presidente, miembros de su gabinete y otros servidores p\u00fablicos, empresarios y miembros de la sociedad civil que, en su mayor\u00eda, de manera desinteresada dedican su tiempo y\/o su patrimonio para ayudar al pr\u00f3jimo desconocido.<\/p>\n<p>Qu\u00e9 triste es mirar c\u00f3mo se deteriora el principio de autoridad; c\u00f3mo las instituciones se desgastan; los partidos pol\u00edticos no bajan de su pedestal de demagogia y las organizaciones sin partido llevan agua a su molino en nombre del dolor ajeno.<\/p>\n<p>Es verdaderamente injustificable, por ejemplo, advertir c\u00f3mo los llamados \u201cPadres de los cuarenta y tres\u201d atacan instalaciones militares. \u00a0En estos momentos de crisis, no s\u00f3lo surge la oportunidad para que los h\u00e9roes emerjan, como bellas flores entre el dolor, la desolaci\u00f3n y la muerte; tambi\u00e9n rondan zopilotes sobre el cielo del desastre. \u00a0Buscan carro\u00f1a pol\u00edtica y econ\u00f3mica para saciar su gula disfrazada de justicia.<\/p>\n<p>Octubre, 2017.<\/p>\n","protected":false},"excerpt":{"rendered":"<p>FAMILIA POL\u00cdTICAEs verdaderamente injustificable, por ejemplo, advertir c\u00f3mo los llamados \u201cPadres de los cuarenta y tres\u201d atacan instalaciones militares. \u00a0En estos momentos de crisis, no s\u00f3lo surge la oportunidad para que los h\u00e9roes emerjan, como bellas flores entre el dolor, la desolaci\u00f3n y la muerte; tambi\u00e9n rondan zopilotes sobre el cielo del desastre. \u00a0Buscan carro\u00f1a [&hellip;]<\/p>\n","protected":false},"author":93,"featured_media":0,"comment_status":"open","ping_status":"open","sticky":false,"template":"","format":"standard","meta":{"footnotes":""},"categories":[42],"tags":[],"class_list":["post-48659","post","type-post","status-publish","format-standard","hentry","category-nuestrapalabra"],"_links":{"self":[{"href":"https:\/\/plazajuarez.mx\/historico\/wp-json\/wp\/v2\/posts\/48659","targetHints":{"allow":["GET"]}}],"collection":[{"href":"https:\/\/plazajuarez.mx\/historico\/wp-json\/wp\/v2\/posts"}],"about":[{"href":"https:\/\/plazajuarez.mx\/historico\/wp-json\/wp\/v2\/types\/post"}],"author":[{"embeddable":true,"href":"https:\/\/plazajuarez.mx\/historico\/wp-json\/wp\/v2\/users\/93"}],"replies":[{"embeddable":true,"href":"https:\/\/plazajuarez.mx\/historico\/wp-json\/wp\/v2\/comments?post=48659"}],"version-history":[{"count":0,"href":"https:\/\/plazajuarez.mx\/historico\/wp-json\/wp\/v2\/posts\/48659\/revisions"}],"wp:attachment":[{"href":"https:\/\/plazajuarez.mx\/historico\/wp-json\/wp\/v2\/media?parent=48659"}],"wp:term":[{"taxonomy":"category","embeddable":true,"href":"https:\/\/plazajuarez.mx\/historico\/wp-json\/wp\/v2\/categories?post=48659"},{"taxonomy":"post_tag","embeddable":true,"href":"https:\/\/plazajuarez.mx\/historico\/wp-json\/wp\/v2\/tags?post=48659"}],"curies":[{"name":"wp","href":"https:\/\/api.w.org\/{rel}","templated":true}]}}