{"id":48657,"date":"2017-10-02T14:02:07","date_gmt":"2017-10-02T14:02:07","guid":{"rendered":"http:\/\/plazajuarez.mx\/index\/index.php\/2017\/10\/02\/dese-por-enterado-280\/"},"modified":"2020-04-14T19:07:49","modified_gmt":"2020-04-14T19:07:49","slug":"dese-por-enterado-280","status":"publish","type":"post","link":"https:\/\/plazajuarez.mx\/historico\/dese-por-enterado-280\/","title":{"rendered":"DESE por ENTERADO"},"content":{"rendered":"<p>GLORIA ROMERO. \u2013 \u201cEs que no me tienen paciencia\u201d, parec\u00eda decir la legisladora \u00a0a su hom\u00f3logo de Encuentro Social, Daniel Andrade, luego que estuvo a punto de decirle, en el lenguaje del Chavo del 8: \u201c\u00a1C\u00e1llate, c\u00e1llate, que me desesperas!\u201d. Y por supuesto que la diputada panista logr\u00f3 su cometido, toda vez que a punto estuvo de descarrilar la sesi\u00f3n en que se dieron a conocer los nombres de quienes integraban la lista de aspirantes a la Fiscal\u00eda Anticorrupci\u00f3n. Gloria Teller\u00eda est\u00e1 en campa\u00f1a para ser nominada al Senado de la Rep\u00fablica, y sabe, vaya que sabe, de maniobras en un Congreso para jalar los reflectores. No es ninguna novata, as\u00ed que esperen otras acciones en breve.<\/p>\n<p>  <!--more-->  <\/p>\n<p>\u00a0\u00a0 \u00a0\u00a0\u00a0 \u00a0\u00a0\u00a0 \u00a0\u00a0\u00a0 \u00a0\u00a0\u00a0 \u00a0***<\/p>\n<p>FISCAL ANTICORRUPCI\u00d3N.- Cualquiera que sea la decisi\u00f3n final, ya con una terna que eligi\u00f3 el gobernador Fayad, de una lista que le present\u00f3 el Congreso del Estado, no dejar\u00e1 contentos a todos. El mandatario precis\u00f3 que su elecci\u00f3n fue simple: de una lista de diez que se present\u00f3 en orden descendente, opt\u00f3 por los tres primeros. El poder legislativo, con todo y las broncas anotadas, depur\u00f3 varias listas hasta quedar finalmente una de diez de mayor a menor puntuaci\u00f3n. Aunque claro est\u00e1, quien desee buscarle complicaciones al asunto, las encontrar\u00e1.<\/p>\n<p>\u00a0\u00a0 \u00a0\u00a0\u00a0 \u00a0\u00a0\u00a0 \u00a0\u00a0\u00a0 \u00a0\u00a0\u00a0 \u00a0***<\/p>\n<p>VA BIEN LA FERIA SAN FRANCISCO 2017.- Sin duda alguna el Teatro del Pueblo se ha convertido en el principal atractivo de la Feria tradicional de la capital hidalguense. \u00a0Y d\u00e9jenme decirles que para que as\u00ed sucediera simplemente se recurri\u00f3 al sentido com\u00fan, as\u00ed de simple, pero as\u00ed de complicado. Porque durante mucho tiempo se presumieron los artistas que ir\u00edan al Palenque, y el lugar destinado a espect\u00e1culos del \u201cpueblo\u201d, se llenaba con cantantes que de plano ya iban de salida en su carrera, am\u00e9n de otros que no los conoc\u00edan ni en su colonia. Ahora fue al rev\u00e9s: lo mejor se dej\u00f3 para el Teatro del Pueblo, y eso lo agradece la ciudadan\u00eda. En serio, es un gesto que en mucho marca la forma como se concibe la pol\u00edtica en la actual administraci\u00f3n. Bien por eso.<\/p>\n<p>\u00a0\u00a0 \u00a0\u00a0\u00a0 \u00a0\u00a0\u00a0 \u00a0\u00a0\u00a0 \u00a0\u00a0\u00a0 \u00a0***<\/p>\n<p>CIENCIA Y TECNOLOG\u00cdA.- La tijera ronda las \u00e1reas de Ciencia y Tecnolog\u00eda para el siguiente a\u00f1o en su presupuesto, por lo que el encargado de la Unidad de Planeaci\u00f3n del gobierno estatal, Lam\u00e1n Carranza, dese\u00f3 fervientemente que esto no vaya a suceder, y cuando menos los dinero se mantengan igual que este 2017. Y as\u00ed deber\u00e1 pasar, porque quitarle dinero a sectores tan vitales para el verdadero desarrollo de un estado pobre como el de Hidalgo, es condenarlo a que simplemente no camine en la soluci\u00f3n real de su situaci\u00f3n. As\u00ed que por el bien de todos esperemos que estos rubros no sean tocados por la tijera.<\/p>\n<p>\u00a0\u00a0 \u00a0\u00a0\u00a0 \u00a0\u00a0\u00a0 \u00a0\u00a0\u00a0 \u00a0\u00a0\u00a0 \u00a0***<\/p>\n<p>Por hoy, usted puede DARSE POR ENTERADO<\/p>\n<p>desexenterado@gmail.com<br \/>@desexenterado<\/p>\n<p><\/p>\n","protected":false},"excerpt":{"rendered":"<p>GLORIA ROMERO. \u2013 \u201cEs que no me tienen paciencia\u201d, parec\u00eda decir la legisladora \u00a0a su hom\u00f3logo de Encuentro Social, Daniel Andrade, luego que estuvo a punto de decirle, en el lenguaje del Chavo del 8: \u201c\u00a1C\u00e1llate, c\u00e1llate, que me desesperas!\u201d. Y por supuesto que la diputada panista logr\u00f3 su cometido, toda vez que a punto [&hellip;]<\/p>\n","protected":false},"author":93,"featured_media":0,"comment_status":"open","ping_status":"open","sticky":false,"template":"","format":"standard","meta":{"footnotes":""},"categories":[83,42],"tags":[66],"class_list":["post-48657","post","type-post","status-publish","format-standard","hentry","category-dese-por-enterado","category-nuestrapalabra","tag-dese"],"_links":{"self":[{"href":"https:\/\/plazajuarez.mx\/historico\/wp-json\/wp\/v2\/posts\/48657","targetHints":{"allow":["GET"]}}],"collection":[{"href":"https:\/\/plazajuarez.mx\/historico\/wp-json\/wp\/v2\/posts"}],"about":[{"href":"https:\/\/plazajuarez.mx\/historico\/wp-json\/wp\/v2\/types\/post"}],"author":[{"embeddable":true,"href":"https:\/\/plazajuarez.mx\/historico\/wp-json\/wp\/v2\/users\/93"}],"replies":[{"embeddable":true,"href":"https:\/\/plazajuarez.mx\/historico\/wp-json\/wp\/v2\/comments?post=48657"}],"version-history":[{"count":0,"href":"https:\/\/plazajuarez.mx\/historico\/wp-json\/wp\/v2\/posts\/48657\/revisions"}],"wp:attachment":[{"href":"https:\/\/plazajuarez.mx\/historico\/wp-json\/wp\/v2\/media?parent=48657"}],"wp:term":[{"taxonomy":"category","embeddable":true,"href":"https:\/\/plazajuarez.mx\/historico\/wp-json\/wp\/v2\/categories?post=48657"},{"taxonomy":"post_tag","embeddable":true,"href":"https:\/\/plazajuarez.mx\/historico\/wp-json\/wp\/v2\/tags?post=48657"}],"curies":[{"name":"wp","href":"https:\/\/api.w.org\/{rel}","templated":true}]}}