{"id":48522,"date":"2017-09-29T12:23:23","date_gmt":"2017-09-29T12:23:23","guid":{"rendered":"http:\/\/plazajuarez.mx\/index\/index.php\/2017\/09\/29\/retratos-hablados-462\/"},"modified":"2017-09-29T12:23:23","modified_gmt":"2017-09-29T12:23:23","slug":"retratos-hablados-462","status":"publish","type":"post","link":"https:\/\/plazajuarez.mx\/historico\/retratos-hablados-462\/","title":{"rendered":"RETRATOS HABLADOS"},"content":{"rendered":"<p>\u00a0\u00a0\u00a0 \u2022\u00a0\u00a0 \u00a0Cuando ya nadie le cree nada a nadie\u2028<\/p>\n<p>  <!--more-->  <\/p>\n<p>Para nadie es desconocida la crisis de credibilidad que vive el sistema pol\u00edtico mexicano, sin que pareciera que alguien pudiera aportar el remedio a tan notable enfermedad que no pocos insisten es el camino sin retorno a la renovaci\u00f3n profunda que generalmente trae como consecuencia la muerte que resulta consuelo para el cuerpo moribundo que ya desped\u00eda malos olores.<br \/>\u00a0\u00a0 \u00a0Est\u00e1 claro que esta situaci\u00f3n no es producto de un sexenio, dos o tres, sino la acumulaci\u00f3n de muchas d\u00e9cadas en que la ciudadan\u00eda otorg\u00f3 la confianza del perd\u00f3n a las ofensas recibidas, para encontrarse de nueva cuenta con un c\u00famulo de piller\u00edas cometidas por los que apenas acababa de absolver.<br \/>\u00a0\u00a0 \u00a0Lo notable es que cualquier discurso que se vuelva a manejar por parte de los inculpados para alcanzar una nueva dispensa a sus acciones poco \u00e9ticas, derivar\u00e1 en una acci\u00f3n en contra, proporcional al fastidio, al hartazgo que los pol\u00edticos han provocado con su proceder.<br \/>\u00a0\u00a0 \u00a0Sin embargo, y muy probablemente consecuencia de la educaci\u00f3n recibida durante toda la vida, y la certeza de que los sistemas pol\u00edticos, por muy menguados en confiabilidad son la \u00fanica alternativa para apurar el cambio en una naci\u00f3n, todav\u00eda creo que la pol\u00edtica es la v\u00eda m\u00e1s capacitada para evitar la destrucci\u00f3n de un pueblo en el proceso de un cambio revolucionario, aunque esto pudiera resultar hasta incomprensible.<br \/>\u00a0\u00a0 \u00a0Mirar los ejemplos de pa\u00edses como Nicaragua, donde el l\u00edder de los revolucionario Sandinistas hoy est\u00e1 convertido en el dictador al que quit\u00f3 del poder, Anastasio Somoza, incluso con m\u00e1s hechos de corrupci\u00f3n en el que participa su familia como si se tratara de una monarqu\u00eda, genera de manera inmediata la certeza de que el camino armado solo queda en la mente de viejos disfrazados de guerrilleros urbanos, es decir morral al hombro, pantal\u00f3n, camisa y chamarra de mezclilla, y por supuesto botas estilo obrero. La edad de estos sujetos siempre es arriba de los 50 a\u00f1os, y tan seguros est\u00e1n de su vocaci\u00f3n al martirio, que reprueban en\u00e9rgicamente la juventud \u201cmanipulada, ignorante, idiotizada, enajenada de hoy\u201d, por supuesto, \u201ca manos del cochino imperialismo yanqui y sus siervos de nuestro pa\u00eds\u201d.<br \/>\u00a0\u00a0 \u00a0Alguna vez lo anot\u00e9, pero cuando escuchamos a un \u201crevolucionario de caf\u00e9\u201d con m\u00e1s de 50 a\u00f1os en su haber, estamos ante un caso muy probablemente candidato a un m\u00e9dico psiquiatra, porque de ning\u00fan modo puede calific\u00e1rsele de \u201cfiel a sus principios e ideales\u201d, porque adem\u00e1s de todo ya revent\u00f3 con los que hoy asumen el papel de verdadero cambio en un pa\u00eds como el nuestro.<br \/>\u00a0\u00a0 \u00a0Resulta importante afirmar que, igual al tiempo en que \u00e9ramos los veintea\u00f1eros, los de hoy no son todos agentes del cambio, pero s\u00ed muchos, conscientes de su papel, usuarios de las redes sociales pero con una inteligencia certera, profunda.<br \/>\u00a0\u00a0 \u00a0Son ellos los que hoy asumen el nuevo reto del ejercicio de la comunicaci\u00f3n, sin que esto represente, a\u00fan, el asalto al periodismo de los tiempos modernos; porque se diga lo que se diga, el papel impreso a\u00fan ejerce su funci\u00f3n prioritaria de conceder credibilidad a los medios electr\u00f3nicos. <br \/>\u00a0\u00a0 \u00a0Ni en los tiempos pasados todos los reporteros, columnistas y due\u00f1os de peri\u00f3dicos tuvieron como tarea esencial ser lambiscones del poder, ni en los tiempos modernos el internet ser\u00e1 la panacea a la supuesta desinformaci\u00f3n del pa\u00eds.<br \/>\u00a0\u00a0 \u00a0Sin embargo el factor com\u00fan que anot\u00e1bamos al principio, es que dentro del propio esquema de partidos pol\u00edticos que conocemos, ser\u00e1n los j\u00f3venes de estos tiempos, los \u00fanicos que deber\u00e1n aportar la f\u00f3rmula para volver a traer la credibilidad del ciudadano a lo que hacen y dicen los pol\u00edticos.<br \/>\u00a0\u00a0 \u00a0Tarea complicada encontrar el remedio a una enfermedad que ellos no provocaron, pero que no aparecer\u00e1 en ninguna otra parte, mucho menos en las sombras 50 y 60 a\u00f1eras, que son eso\u2026 simples sombras.<\/p>\n<p>Mil gracias, hasta el pr\u00f3ximo lunes.<\/p>\n<p>jeperalta@plazajuarez.mx\/historico\/historico<br \/>@JavierEPeralta<\/p>\n<p>CITA:<br \/>\u00a0\u00a0 \u00a0Sin embargo el factor com\u00fan que anot\u00e1bamos al principio, es que dentro del propio esquema de partidos pol\u00edticos que conocemos, ser\u00e1n los j\u00f3venes de estos tiempos, los \u00fanicos que deber\u00e1n aportar la f\u00f3rmula para volver a traer la credibilidad del ciudadano a lo que hacen y dicen los pol\u00edticos.<\/p>\n<p><\/p>\n","protected":false},"excerpt":{"rendered":"<p>\u00a0\u00a0\u00a0 \u2022\u00a0\u00a0 \u00a0Cuando ya nadie le cree nada a nadie\u2028<\/p>\n","protected":false},"author":93,"featured_media":0,"comment_status":"open","ping_status":"open","sticky":false,"template":"","format":"standard","meta":{"footnotes":""},"categories":[49],"tags":[],"class_list":["post-48522","post","type-post","status-publish","format-standard","hentry","category-javier-peralta"],"_links":{"self":[{"href":"https:\/\/plazajuarez.mx\/historico\/wp-json\/wp\/v2\/posts\/48522","targetHints":{"allow":["GET"]}}],"collection":[{"href":"https:\/\/plazajuarez.mx\/historico\/wp-json\/wp\/v2\/posts"}],"about":[{"href":"https:\/\/plazajuarez.mx\/historico\/wp-json\/wp\/v2\/types\/post"}],"author":[{"embeddable":true,"href":"https:\/\/plazajuarez.mx\/historico\/wp-json\/wp\/v2\/users\/93"}],"replies":[{"embeddable":true,"href":"https:\/\/plazajuarez.mx\/historico\/wp-json\/wp\/v2\/comments?post=48522"}],"version-history":[{"count":0,"href":"https:\/\/plazajuarez.mx\/historico\/wp-json\/wp\/v2\/posts\/48522\/revisions"}],"wp:attachment":[{"href":"https:\/\/plazajuarez.mx\/historico\/wp-json\/wp\/v2\/media?parent=48522"}],"wp:term":[{"taxonomy":"category","embeddable":true,"href":"https:\/\/plazajuarez.mx\/historico\/wp-json\/wp\/v2\/categories?post=48522"},{"taxonomy":"post_tag","embeddable":true,"href":"https:\/\/plazajuarez.mx\/historico\/wp-json\/wp\/v2\/tags?post=48522"}],"curies":[{"name":"wp","href":"https:\/\/api.w.org\/{rel}","templated":true}]}}