{"id":48516,"date":"2017-09-29T12:17:32","date_gmt":"2017-09-29T12:17:32","guid":{"rendered":"http:\/\/plazajuarez.mx\/index\/index.php\/2017\/09\/29\/han-tomado-la-ciudad-no-la-suelten\/"},"modified":"2017-09-29T12:17:32","modified_gmt":"2017-09-29T12:17:32","slug":"han-tomado-la-ciudad-no-la-suelten","status":"publish","type":"post","link":"https:\/\/plazajuarez.mx\/historico\/han-tomado-la-ciudad-no-la-suelten\/","title":{"rendered":"Han tomado la Ciudad \u00a1No la suelten!"},"content":{"rendered":"<p>Purificaci\u00f3n en serio<br \/>\u00a0\u00a0 \u00a0\u2022\u00a0\u00a0 \u00a0El rostro de la Ciudad ya no es el mismo, como tampoco lo es el balance de fuerzas pol\u00edticas: gobernantes y pol\u00edticos lo saben. Lo sienten en la piel&#8230;\u2028<\/p>\n<p>  <!--more-->  <\/p>\n<p>El sismo del 19 de septiembre pasado provoc\u00f3 una avalancha de informaci\u00f3n que proven\u00eda de todo tipo de medios.<br \/>En esos momentos de caos, si los habitantes de la Ciudad de M\u00e9xico recurrieron en primera instancia a la radio o a la televisi\u00f3n, o si de inmediato se volcaron a buscar noticias en las redes sociales o en aplicaciones m\u00f3viles, fue cuesti\u00f3n generacional.<br \/>De hecho, fueron las redes sociales las que movilizaron a miles, que salieron inmediatamente para realizar labores de rescate y apoyo: buscar sobrevivientes, remover escombros, hacer cadenas o l\u00edneas de vida, repartir agua y alimentos, agarrar picos y palas. Muchos supieron a d\u00f3nde acudir gracias a #Verificado19s, una herramienta digital que los condujo a donde se requer\u00eda m\u00e1s su apoyo.<br \/>Por incre\u00edble que parezca, esa plataforma que result\u00f3 esencial en las labores de coordinaci\u00f3n del esfuerzo de rescate fue construida y lanzada tan s\u00f3lo horas despu\u00e9s del sismo.<br \/>Asombra tambi\u00e9n que tantos voluntarios y organizaciones como Ahora, Art\u00edculo 19, Ayuda \u00d3ptima, Bicitekas, CartoCr\u00edtica, C\u00edtrico Gr\u00e1fico, Centro Pro de Derechos Humanos, Cencos, y otros, lograran coordinarse en tan poco tiempo.<br \/>Transcurrieron las horas, y luego los d\u00edas, al tiempo que la informaci\u00f3n y desinformaci\u00f3n libraban batallas candentes. La &#8220;oficialista&#8221; con su natural postura maniquea; y la &#8220;independiente&#8221;, defendiendo una realidad encubierta.<br \/>\u00a1Noticias falsas! Manifestaron indignadas las autoridades, cuando las redes sociales denunciaron las &#8220;supuestas \u00f3rdenes&#8221; de iniciar trabajos de demolici\u00f3n y levantamiento de escombros a 48 horas de ocurrido el sismo, en edificaciones en las que a\u00fan exist\u00eda la posibilidad de encontrar sobrevivientes.<br \/>Pero si eran falsas informaciones, \u00bfpor qu\u00e9 ning\u00fan medio noticioso se dio a la tarea de validar o desmentir &#8220;los rumores&#8221;?<br \/>En mi caso, fueron tantas, tan cercanas y fidedignas las fuentes, que me di a la tarea de hacerme de pruebas que respaldaran sus aseveraciones.<br \/>As\u00ed que hoy cuento con fotograf\u00edas de maquinaria pesada \u2014que s\u00f3lo se utiliza para esos trabajos\u2014 situada frente a varias edificaciones medio derrumbadas, tomadas y tuiteadas antes de que transcurrieran 48 horas del sismo.<br \/>Trat\u00e1ndose de noticias falsas \u00bfno ser\u00e1 que cuando las fuentes oficiales nos piden no caer en su trampa, en realidad se refieren a las 10 horas de transmisi\u00f3n en vivo del supuesto rescate de una ni\u00f1a inexistente, con la que nos quiso enga\u00f1ar Televisa?<br \/>Hoy como nunca, la ciudadan\u00eda, aqu\u00e9lla que accedi\u00f3 a las redes sociales y sali\u00f3 a las calles a brindar apoyo y a organizarse, ya no se traga los montajes distractores de las televisoras o del gobierno, y poco o mucho va percibiendo su poder.<br \/>Ella ha ejercido presi\u00f3n sobre la clase pol\u00edtica hasta doblegarla: no en balde la rebatinga sobre qu\u00e9 partido o fuerza pol\u00edtica est\u00e1 dispuesta a dejar m\u00e1s de sus &#8220;prerrogativas&#8221; sobre la mesa.<br \/>Y no es para menos, tal y como sucedi\u00f3 en el 85, el sismo del 19 de septiembre pasado trastoc\u00f3 las estructuras sociales y pol\u00edticas del pa\u00eds.<br \/>El rostro de la Ciudad ya no es el mismo, como tampoco lo es el balance de fuerzas pol\u00edticas: gobernantes y pol\u00edticos lo saben. Lo sienten en la piel. Y si bien pudiera ser posible que la poblaci\u00f3n activa, esa que particip\u00f3 d\u00eda y noche en las labores de rescate, a\u00fan no est\u00e9 del todo consciente, no tardar\u00e1 en estarlo.<br \/>Entendamos: hist\u00f3ricamente, el fen\u00f3meno de las elecciones de 1988 no es explicable sin la cat\u00e1strofe provocada por el terremoto del 85. \u00bfQu\u00e9 justificar\u00e1 el resultado de las elecciones del pr\u00f3ximo a\u00f1o, despu\u00e9s de este s\u00edsmico septiembre?<br \/>Los ciudadanos han tomado la ciudad, \u00a1no la suelten! #FuerzaM\u00e9xico.<\/p>\n","protected":false},"excerpt":{"rendered":"<p>Purificaci\u00f3n en serio\u00a0\u00a0 \u00a0\u2022\u00a0\u00a0 \u00a0El rostro de la Ciudad ya no es el mismo, como tampoco lo es el balance de fuerzas pol\u00edticas: gobernantes y pol\u00edticos lo saben. Lo sienten en la piel&#8230;\u2028<\/p>\n","protected":false},"author":93,"featured_media":0,"comment_status":"open","ping_status":"open","sticky":false,"template":"","format":"standard","meta":{"footnotes":""},"categories":[42],"tags":[],"class_list":["post-48516","post","type-post","status-publish","format-standard","hentry","category-nuestrapalabra"],"_links":{"self":[{"href":"https:\/\/plazajuarez.mx\/historico\/wp-json\/wp\/v2\/posts\/48516","targetHints":{"allow":["GET"]}}],"collection":[{"href":"https:\/\/plazajuarez.mx\/historico\/wp-json\/wp\/v2\/posts"}],"about":[{"href":"https:\/\/plazajuarez.mx\/historico\/wp-json\/wp\/v2\/types\/post"}],"author":[{"embeddable":true,"href":"https:\/\/plazajuarez.mx\/historico\/wp-json\/wp\/v2\/users\/93"}],"replies":[{"embeddable":true,"href":"https:\/\/plazajuarez.mx\/historico\/wp-json\/wp\/v2\/comments?post=48516"}],"version-history":[{"count":0,"href":"https:\/\/plazajuarez.mx\/historico\/wp-json\/wp\/v2\/posts\/48516\/revisions"}],"wp:attachment":[{"href":"https:\/\/plazajuarez.mx\/historico\/wp-json\/wp\/v2\/media?parent=48516"}],"wp:term":[{"taxonomy":"category","embeddable":true,"href":"https:\/\/plazajuarez.mx\/historico\/wp-json\/wp\/v2\/categories?post=48516"},{"taxonomy":"post_tag","embeddable":true,"href":"https:\/\/plazajuarez.mx\/historico\/wp-json\/wp\/v2\/tags?post=48516"}],"curies":[{"name":"wp","href":"https:\/\/api.w.org\/{rel}","templated":true}]}}