{"id":48429,"date":"2017-09-28T14:04:48","date_gmt":"2017-09-28T14:04:48","guid":{"rendered":"http:\/\/plazajuarez.mx\/index\/index.php\/2017\/09\/28\/dese-por-enterado-278\/"},"modified":"2020-04-14T19:07:49","modified_gmt":"2020-04-14T19:07:49","slug":"dese-por-enterado-278","status":"publish","type":"post","link":"https:\/\/plazajuarez.mx\/historico\/dese-por-enterado-278\/","title":{"rendered":"DESE POR ENTERADO"},"content":{"rendered":"<p><strong>\u00a0<\/strong><\/p>\n<p><strong>\u00a0<\/strong><\/p>\n<p><strong>SIMMEY OLVERA<\/strong>.- Pues con todo y que en alg\u00fan momento empez\u00f3 a regarla, y de a feo, la capacidad para reposicionarse medi\u00e1ticamente, le ha valido a la diputada local del PRD ser considerada como fuerte aspirante a legisladora federal, bien sea del Sol Azteca, Morena o de cualquier instituto pol\u00edtico que pretenda ganar. Carism\u00e1tica casi natural, Simmey tiene en su haber logros evidentes en el presupuesto destinado a Cultura, comisi\u00f3n que preside, entre otros. As\u00ed que por lo mientras ya dej\u00f3 atr\u00e1s la etapa de \u201cocurrente\u201d, y ya se le ve con m\u00e1s tablas.<\/p>\n<p>  <!--more-->  <\/p>\n<p>\u00a0<\/p>\n<p>\u00a0\u00a0\u00a0\u00a0\u00a0\u00a0\u00a0\u00a0\u00a0\u00a0\u00a0\u00a0\u00a0\u00a0\u00a0\u00a0\u00a0\u00a0\u00a0\u00a0\u00a0\u00a0\u00a0\u00a0\u00a0\u00a0\u00a0\u00a0\u00a0\u00a0\u00a0\u00a0\u00a0\u00a0\u00a0\u00a0\u00a0\u00a0\u00a0\u00a0\u00a0\u00a0\u00a0\u00a0\u00a0\u00a0\u00a0\u00a0\u00a0\u00a0\u00a0\u00a0\u00a0\u00a0\u00a0\u00a0\u00a0\u00a0 ***<\/p>\n<p>\u00a0<\/p>\n<p><strong>PUES S\u00cd, ANTORCHA SE QUED\u00d3 EN VELADORA<\/strong>.- \u201cNo hay dinero, no hay magia\u201d, dice la c\u00e9lebre frase de la pel\u00edcula \u201cTizoc\u201d, que protagoniz\u00f3 el inolvidable Pedro Infante. Y eso le pasa a Antorcha Campesina, que una vez cerrada la llave que les daba dinero cual si fuera cosa m\u00e1gica, no convencen a nadie de acompa\u00f1arlos a sus eventos. Porque, s\u00e9palo usted, resulta que todo era asunto de conveniencia, es decir de pago por evento, y como ahora ya no hay dinerito, pues todos les dicen que no. Habr\u00e1 que estar atentos a ver si del mismo modo contin\u00faan o no con sus art\u00edculos-inserciones-pagadas en diarios de la localidad, que salen muy, pero muy caros. En tanto de Antorcha ya pasaron a ser Veladora Campesina.<\/p>\n<p>\u00a0<\/p>\n<p>\u00a0\u00a0\u00a0\u00a0\u00a0\u00a0\u00a0\u00a0\u00a0\u00a0\u00a0\u00a0\u00a0\u00a0\u00a0\u00a0\u00a0\u00a0\u00a0\u00a0\u00a0\u00a0\u00a0\u00a0\u00a0\u00a0\u00a0\u00a0\u00a0\u00a0\u00a0\u00a0\u00a0\u00a0\u00a0\u00a0\u00a0\u00a0\u00a0\u00a0\u00a0\u00a0\u00a0\u00a0\u00a0\u00a0\u00a0\u00a0\u00a0\u00a0\u00a0\u00a0\u00a0\u00a0\u00a0\u00a0\u00a0\u00a0 ***<\/p>\n<p>\u00a0<\/p>\n<p><strong>CIUDAD DEL CONOCIMIENTO<\/strong>.- Pues al final de cuentas todo qued\u00f3 en buena intenci\u00f3n. Las instalaciones que se construyeron no contaron con una planeaci\u00f3n necesaria, de tal modo que no hab\u00eda servicio de internet (no hay todav\u00eda). Lamentable el asunto, porque adem\u00e1s uno se pregunta qu\u00e9 sucede con un gobernante, con sus subordinados, con quienes antes le cantaban loas en las planas y planas de peri\u00f3dicos: \u00bfacaso nadie se dio cuenta de la inviabilidad del proyecto? \u00bfQu\u00e9 pasa con el que ejerce el poder y los que lo rodean, que todos de pronto se quedan ciegos? \u00bfQu\u00e9 pasa que s\u00f3lo se descubre su mortalidad, como al de cualquiera, hasta que se queda sin poder? \u00bfNo ser\u00eda bueno que en el ejercicio del poder, quienes lo conocen, quienes incluso lo aprecian en lugar de soltarle lisonja tras lisonja, mejor se hubieran decidido y le hubieran hablado con la verdad?<\/p>\n<p>\u00a0<\/p>\n<p>\u00a0\u00a0\u00a0\u00a0\u00a0\u00a0\u00a0\u00a0\u00a0\u00a0\u00a0\u00a0\u00a0\u00a0\u00a0\u00a0\u00a0\u00a0\u00a0\u00a0\u00a0\u00a0\u00a0\u00a0\u00a0\u00a0\u00a0\u00a0\u00a0\u00a0\u00a0\u00a0\u00a0\u00a0\u00a0\u00a0\u00a0\u00a0\u00a0\u00a0\u00a0\u00a0\u00a0\u00a0\u00a0\u00a0\u00a0\u00a0\u00a0\u00a0\u00a0\u00a0\u00a0\u00a0\u00a0\u00a0\u00a0\u00a0 ***<\/p>\n<p>\u00a0<\/p>\n<p><strong>HOY ARRANCA LA FERIA<\/strong>.- La Feria Pachuca 2017 empieza actividades el d\u00eda de hoy. Formalmente suceder\u00e1 el pr\u00f3ximo s\u00e1bado. Pero por lo mientras ya se observan cambios radicales en su organizaci\u00f3n. El Teatro del Pueblo contar\u00e1 con la mejor cartelera en toda su historia, y esto obedece a una raz\u00f3n simple y l\u00f3gica: es precisamente el pueblo, el que no tiene para pagar el palenque, el que acude a ese lugar. Y mandarles, como siempre se hab\u00eda hecho, artistas de segunda o en su tercer aire, era poco menos que menosprecio. De tal modo que esto que vemos como que es un acto de justicia hacia los que finalmente le dan raz\u00f3n a la Feria. El Palenque y sus eventos caros se queda, para los que quieran pagar. Pero no se compara en cartelera con el Teatro del Pueblo. Y qu\u00e9 bueno que as\u00ed sea.<\/p>\n<p>\u00a0<\/p>\n<p>\u00a0\u00a0\u00a0\u00a0\u00a0\u00a0\u00a0\u00a0\u00a0\u00a0\u00a0\u00a0\u00a0\u00a0\u00a0\u00a0\u00a0\u00a0\u00a0\u00a0\u00a0\u00a0\u00a0\u00a0\u00a0\u00a0\u00a0\u00a0\u00a0\u00a0\u00a0\u00a0\u00a0\u00a0\u00a0\u00a0\u00a0\u00a0\u00a0\u00a0\u00a0\u00a0\u00a0\u00a0\u00a0\u00a0\u00a0\u00a0\u00a0\u00a0\u00a0\u00a0\u00a0\u00a0\u00a0\u00a0\u00a0\u00a0 ***<\/p>\n<p>\u00a0<\/p>\n<p>Por hoy , usted puede DARSE POR ENTERADO<\/p>\n<p>\u00a0<\/p>\n<p><a href=\"mailto:desexenterado@gail.com\">desexenterado@gail.com<\/a><\/p>\n<p>@desexenterado<\/p>\n","protected":false},"excerpt":{"rendered":"<p>\u00a0 \u00a0 SIMMEY OLVERA.- Pues con todo y que en alg\u00fan momento empez\u00f3 a regarla, y de a feo, la capacidad para reposicionarse medi\u00e1ticamente, le ha valido a la diputada local del PRD ser considerada como fuerte aspirante a legisladora federal, bien sea del Sol Azteca, Morena o de cualquier instituto pol\u00edtico que pretenda ganar. [&hellip;]<\/p>\n","protected":false},"author":93,"featured_media":0,"comment_status":"open","ping_status":"open","sticky":false,"template":"","format":"standard","meta":{"footnotes":""},"categories":[83,42],"tags":[66],"class_list":["post-48429","post","type-post","status-publish","format-standard","hentry","category-dese-por-enterado","category-nuestrapalabra","tag-dese"],"_links":{"self":[{"href":"https:\/\/plazajuarez.mx\/historico\/wp-json\/wp\/v2\/posts\/48429","targetHints":{"allow":["GET"]}}],"collection":[{"href":"https:\/\/plazajuarez.mx\/historico\/wp-json\/wp\/v2\/posts"}],"about":[{"href":"https:\/\/plazajuarez.mx\/historico\/wp-json\/wp\/v2\/types\/post"}],"author":[{"embeddable":true,"href":"https:\/\/plazajuarez.mx\/historico\/wp-json\/wp\/v2\/users\/93"}],"replies":[{"embeddable":true,"href":"https:\/\/plazajuarez.mx\/historico\/wp-json\/wp\/v2\/comments?post=48429"}],"version-history":[{"count":0,"href":"https:\/\/plazajuarez.mx\/historico\/wp-json\/wp\/v2\/posts\/48429\/revisions"}],"wp:attachment":[{"href":"https:\/\/plazajuarez.mx\/historico\/wp-json\/wp\/v2\/media?parent=48429"}],"wp:term":[{"taxonomy":"category","embeddable":true,"href":"https:\/\/plazajuarez.mx\/historico\/wp-json\/wp\/v2\/categories?post=48429"},{"taxonomy":"post_tag","embeddable":true,"href":"https:\/\/plazajuarez.mx\/historico\/wp-json\/wp\/v2\/tags?post=48429"}],"curies":[{"name":"wp","href":"https:\/\/api.w.org\/{rel}","templated":true}]}}