{"id":48428,"date":"2017-09-28T14:06:31","date_gmt":"2017-09-28T14:06:31","guid":{"rendered":"http:\/\/plazajuarez.mx\/index\/index.php\/2017\/09\/28\/laguna-de-voces-275\/"},"modified":"2017-09-28T14:06:31","modified_gmt":"2017-09-28T14:06:31","slug":"laguna-de-voces-275","status":"publish","type":"post","link":"https:\/\/plazajuarez.mx\/historico\/laguna-de-voces-275\/","title":{"rendered":"LAGUNA DE VOCES"},"content":{"rendered":"<p>\u00a0<\/p>\n<p>La Ciudad de M\u00e9xico es la de siempre de hace tantos a\u00f1os, pero es diferente. Me contaba mi hijo que apenas sali\u00f3 a la calle\u00a0 el 19 de septiembre luego del terremoto, empez\u00f3 a circular en las redes sociales un llamado para que llegaran a diferentes zonas de la colonia Roma y La Condesa en motos y bicicletas (no en autos para evitar estorbarse) con palas, picos, cubetas, todo lo que tuvieran a la mano para arrancar de inmediato la b\u00fasqueda de sobrevivientes.<\/p>\n<p>  <!--more-->  <\/p>\n<p>\u00a0\u00a0\u00a0\u00a0\u00a0\u00a0\u00a0\u00a0\u00a0\u00a0\u00a0 \u201cEra un mar de motos y bicicletas. Todo Insurgentes se llen\u00f3 de pronto y a cualquiera lo emociona ese sentimiento que no piensa, no calcula, simplemente responde y se convierte en lo que vi: cientos de muchachos y muchachas, pero tambi\u00e9n gente grande, dispuestos a lo que fuera con tal de ayudar\u201d.<\/p>\n<p>\u00a0\u00a0\u00a0\u00a0\u00a0\u00a0\u00a0\u00a0\u00a0\u00a0\u00a0 Eso pas\u00f3 en la capital del pa\u00eds. Todav\u00eda pasa.<\/p>\n<p>\u00a0\u00a0\u00a0\u00a0\u00a0\u00a0\u00a0\u00a0\u00a0\u00a0\u00a0 A m\u00ed como a cualquiera que pas\u00f3 la mitad de su vida en el entonces DF, siempre le traer\u00e1 recuerdos pisar sus calles, reconocer un edificio que antes apenas estaba en la imaginaci\u00f3n de alg\u00fan arquitecto; sentirse en el centro de un escenario \u00fanico que amamos, que por asuntos de trabajo y vida luego dejamos en el recuerdo, pero que siempre est\u00e1 ah\u00ed, porque sin memoria es dif\u00edcil vivir el presente.<\/p>\n<p>\u00a0\u00a0\u00a0\u00a0\u00a0\u00a0\u00a0\u00a0\u00a0\u00a0\u00a0 Cada d\u00eda conozco menos la ciudad donde viv\u00ed hasta los 22 a\u00f1os, y es algo l\u00f3gico, porque en 33 a\u00f1os nosotros mismos apenas si creemos que a quien vemos en el espejo es el que guardamos est\u00e1tico en la memoria, y que por asuntos de autoestima siempre es un veintea\u00f1ero. No, qu\u00e9 vamos a ser los de entonces. Incluso la mirada cambia, es menos cr\u00e9dula, menos inocentes pues y a lo mejor m\u00e1s cercana a la duda en torno a todo.<\/p>\n<p>\u00a0\u00a0\u00a0\u00a0\u00a0\u00a0\u00a0\u00a0\u00a0\u00a0\u00a0 Solo la bondad de sus j\u00f3venes, de la inmensa mayor\u00eda de sus habitantes, hace que de pronto nos miremos como en esos tiempos, en que lo \u00fanico importante era dedicar buena parte del d\u00eda a contemplar el futuro que est\u00e1bamos seguros ser\u00eda nuestro y de nadie m\u00e1s.<\/p>\n<p>\u00a0\u00a0\u00a0\u00a0\u00a0\u00a0\u00a0\u00a0\u00a0\u00a0\u00a0 Los muchachos y muchachas que en estos acontecimientos tomaron el destino del pa\u00eds se parecen mucho a lo que fuimos alg\u00fan tiempo, aunque pocos lo crean. El factor fundamental es que hab\u00edamos aprendido de nuestros padres que el \u00fanico deber que se tiene en la vida es servir, y esto de servir puede ser entendido en todas sus acepciones.<\/p>\n<p>\u00a0\u00a0\u00a0\u00a0\u00a0\u00a0\u00a0\u00a0\u00a0\u00a0\u00a0 Servir para algo. Pero servir, no buscar servirse o que a uno le sirvan. Uno debe servir a sus semejantes, no en actitud de servidumbre, s\u00ed en la de hermano de la vida.<\/p>\n<p>\u00a0\u00a0\u00a0\u00a0\u00a0\u00a0\u00a0\u00a0\u00a0\u00a0\u00a0 Los mejores amigos que tuve, y seguramente a todos les pasa igual, los tuve justo en esas edades que van de los 18 a los 20 y tantos a\u00f1os, y ahora que me acuerdo eran buenas personas, unos m\u00e1s que otros, pero todos con un sentido \u00fanico de creer en la posibilidad de que nuestros padres se sintieran orgullosos de lo que lleg\u00e1ramos a hacer.<\/p>\n<p>\u00a0\u00a0\u00a0\u00a0\u00a0\u00a0\u00a0\u00a0\u00a0\u00a0\u00a0 Ahora, con todo y que algunos insistan en eso de que \u201ctodo tiempo pasado fue mejor\u201d, puedo asegurar que no es as\u00ed, que los j\u00f3venes son j\u00f3venes en cualquier a\u00f1o del tiempo, que a esa calidad \u00fanica de ser idealistas solo la vencen los meses, los a\u00f1os, pero algo queda hasta la eternidad.<\/p>\n<p>\u00a0\u00a0\u00a0\u00a0\u00a0\u00a0\u00a0\u00a0\u00a0\u00a0\u00a0 A m\u00ed, como a cualquier padre de familia, le llena de gusto la lecci\u00f3n que nuestros hijos nos dieron en estos d\u00edas de zozobra y tristeza, porque fuero lo que a nuestro modo fuimos a su edad: buenas personas, solidarias, interesadas en los otros porque as\u00ed se los dict\u00f3 su coraz\u00f3n, su amor por la vida.<\/p>\n<p>\u00a0\u00a0\u00a0\u00a0\u00a0\u00a0\u00a0\u00a0\u00a0\u00a0\u00a0 Y de alg\u00fan modo u otro, eso tambi\u00e9n llena de orgullo a sus abuelos, a los pap\u00e1s de sus abuelos, al origen mismo de su historia familiar.<\/p>\n<p>\u00a0\u00a0\u00a0\u00a0\u00a0\u00a0\u00a0\u00a0\u00a0\u00a0\u00a0 Las calles de la Ciudad de M\u00e9xico siempre tienen esa posibilidad de recordarnos y mirarnos en los que fuimos, en los que somos.<\/p>\n<p>\u00a0<\/p>\n<p>Mil gracias, hasta ma\u00f1ana.<\/p>\n<p>\u00a0<\/p>\n<p><a href=\"mailto:jeperalta@plazajuarez.mx\/historico\/historico\">jeperalta@plazajuarez.mx\/historico\/historico<\/a><\/p>\n<p>@JavierEPeralta<\/p>\n<p>\u00a0<\/p>\n<p>CITA:<\/p>\n<p>A m\u00ed, como a cualquier padre de familia, le llena de gusto la lecci\u00f3n que nuestros hijos nos dieron en estos d\u00edas de zozobra y tristeza, porque fuero lo que a nuestro modo fuimos a su edad: buenas personas, solidarias, interesadas en los otros porque as\u00ed se los dict\u00f3 su coraz\u00f3n, su amor por la vida.<\/p>\n<p>\u00a0\u00a0\u00a0\u00a0\u00a0\u00a0\u00a0\u00a0\u00a0\u00a0\u00a0 Y de alg\u00fan modo u otro, eso tambi\u00e9n llena de orgullo a sus abuelos, a los pap\u00e1s de sus abuelos, al origen mismo de su historia familiar.<\/p>\n<p>\u00a0\u00a0\u00a0\u00a0\u00a0\u00a0\u00a0\u00a0\u00a0\u00a0\u00a0 Las calles de la Ciudad de M\u00e9xico siempre tienen esa posibilidad de recordarnos y mirarnos en los que fuimos, en los que somos.<\/p>\n","protected":false},"excerpt":{"rendered":"<p>\u00a0 La Ciudad de M\u00e9xico es la de siempre de hace tantos a\u00f1os, pero es diferente. Me contaba mi hijo que apenas sali\u00f3 a la calle\u00a0 el 19 de septiembre luego del terremoto, empez\u00f3 a circular en las redes sociales un llamado para que llegaran a diferentes zonas de la colonia Roma y La Condesa [&hellip;]<\/p>\n","protected":false},"author":3,"featured_media":0,"comment_status":"open","ping_status":"open","sticky":false,"template":"","format":"standard","meta":{"footnotes":""},"categories":[42],"tags":[],"class_list":["post-48428","post","type-post","status-publish","format-standard","hentry","category-nuestrapalabra"],"_links":{"self":[{"href":"https:\/\/plazajuarez.mx\/historico\/wp-json\/wp\/v2\/posts\/48428","targetHints":{"allow":["GET"]}}],"collection":[{"href":"https:\/\/plazajuarez.mx\/historico\/wp-json\/wp\/v2\/posts"}],"about":[{"href":"https:\/\/plazajuarez.mx\/historico\/wp-json\/wp\/v2\/types\/post"}],"author":[{"embeddable":true,"href":"https:\/\/plazajuarez.mx\/historico\/wp-json\/wp\/v2\/users\/3"}],"replies":[{"embeddable":true,"href":"https:\/\/plazajuarez.mx\/historico\/wp-json\/wp\/v2\/comments?post=48428"}],"version-history":[{"count":0,"href":"https:\/\/plazajuarez.mx\/historico\/wp-json\/wp\/v2\/posts\/48428\/revisions"}],"wp:attachment":[{"href":"https:\/\/plazajuarez.mx\/historico\/wp-json\/wp\/v2\/media?parent=48428"}],"wp:term":[{"taxonomy":"category","embeddable":true,"href":"https:\/\/plazajuarez.mx\/historico\/wp-json\/wp\/v2\/categories?post=48428"},{"taxonomy":"post_tag","embeddable":true,"href":"https:\/\/plazajuarez.mx\/historico\/wp-json\/wp\/v2\/tags?post=48428"}],"curies":[{"name":"wp","href":"https:\/\/api.w.org\/{rel}","templated":true}]}}