{"id":48412,"date":"2017-09-27T04:18:08","date_gmt":"2017-09-27T04:18:08","guid":{"rendered":"http:\/\/plazajuarez.mx\/index\/index.php\/2017\/09\/27\/la-nobleza-y-la-angustia\/"},"modified":"2017-09-27T04:18:08","modified_gmt":"2017-09-27T04:18:08","slug":"la-nobleza-y-la-angustia","status":"publish","type":"post","link":"https:\/\/plazajuarez.mx\/historico\/la-nobleza-y-la-angustia\/","title":{"rendered":"La nobleza y la angustia"},"content":{"rendered":"<p>Libros y Otras Cosas<br \/>La tierra parece a punto de abrirse y los edificios cercanos se tambaleaban ominosamente. Uno, en especial, me produjo una impresi\u00f3n fort\u00edsima: el de la esquina de Colima y C\u00f3rdoba&#8230;<\/p>\n<p>  <!--more-->  <\/p>\n<p>En medio de una calle de la colonia Roma veo a una amiga m\u00eda rodeada por las personas que trabajan en la oficina que ella dirige y encabeza. De ese lugar, de esa oficina, acabamos de salir apresuradamente.<br \/>La escena es impresionante: todos estamos atemorizados; son las 13 horas y 15 o 16 minutos; el mundo est\u00e1 a punto de desaparecer, o eso sentimos los que nos encontramos ah\u00ed en ese momento. Bajo nuestros pies, la tierra parece a punto de abrirse y los edificios cercanos se tambaleaban ominosamente. Uno, en especial, me produjo una impresi\u00f3n fort\u00edsima: el de la esquina de Colima y C\u00f3rdoba: se mueve como si apenas se sostuviera sobre un filo precario. Muchos lo ven y gritan que hay que irse cuanto antes, a toda prisa, a la Plaza R\u00edo de Janeiro.<br \/>Toda la ciudad est\u00e1 como en el borde de un precipicio: en menos de una hora sabremos que para muchos as\u00ed fue y que cientos, miles, cayeron en el abismo, fueron aniquilados o lo perdieron todo, menos la vida; otros quedaron heridos en el esp\u00edritu o el cuerpo, luego de ver impotentes c\u00f3mo se esfumaba, entre el polvo, todo su patrimonio. En unos momentos m\u00e1s una muchedumbre de j\u00f3venes y de ciudadanos de toda condici\u00f3n se lanzar\u00e1 a las calles para protagonizar uno de los episodios m\u00e1s llamativos de solidaridad que hemos vivido en M\u00e9xico, solamente comparable a los despliegues de compasi\u00f3n y de febril actividad humanitaria de septiembre de 1985.<br \/>Pero yo no puedo olvidar, ni olvidar\u00e9, a mi amiga en septiembre de 2017.<br \/>Como tampoco puedo olvidar todo lo que sucedi\u00f3 hace 32 a\u00f1os en esta misma ciudad. Mi primera impresi\u00f3n profunda del terremoto de entonces fue ver los maniqu\u00eds tirados en el escaparate de unos grandes almacenes comerciales. Objetos inanimados, esos maniqu\u00eds derribados me produjeron estremecimientos in\u00e9ditos, aunque nada sab\u00eda a\u00fan de lo que hab\u00eda ocurrido en la megal\u00f3polis, la tragedia que se estaba desplegando. Aquellos maniqu\u00eds eran una especie de s\u00edmbolo o prefiguraci\u00f3n de los miles de muertos de esa fecha que ya sabemos, como se repiti\u00f3 este a\u00f1o.<br \/>No olvidar\u00e9 el gesto de temor y el hermoso rostro de mi amiga extra\u00f1amente ennoblecido por la angustia. Tampoco su actitud para proteger a sus empleados, como si los abarcara con el solo gesto de sus brazos. Pero quiz\u00e1 debo precisar: mi amiga estaba rodeada de sus empleadas en esa calle de la colonia Roma, pues la mayor parte de quienes trabajan con ella son mujeres. Esa precisi\u00f3n es esencial: mujeres unidas en un abrazo del que se desprende una imagen primordial de preservaci\u00f3n de la vida. Han cerrado una especie de anillo en torno a mi amiga y esperan inconsolables que concluya el movimiento de la tierra.<br \/>&#8220;La verdad \u2014me escribi\u00f3 mi amiga unos d\u00edas m\u00e1s tarde\u2014 es que quer\u00eda aferrarme a todas para que si mor\u00edamos, lo hici\u00e9ramos abrazadas y juntas.&#8221;<br \/>Cuando el movimiento de la tierra ces\u00f3, sent\u00ed que est\u00e1bamos vivos y supe que no todo estaba perdido.<\/p>\n","protected":false},"excerpt":{"rendered":"<p>Libros y Otras CosasLa tierra parece a punto de abrirse y los edificios cercanos se tambaleaban ominosamente. Uno, en especial, me produjo una impresi\u00f3n fort\u00edsima: el de la esquina de Colima y C\u00f3rdoba&#8230;<\/p>\n","protected":false},"author":93,"featured_media":0,"comment_status":"open","ping_status":"open","sticky":false,"template":"","format":"standard","meta":{"footnotes":""},"categories":[42],"tags":[],"class_list":["post-48412","post","type-post","status-publish","format-standard","hentry","category-nuestrapalabra"],"_links":{"self":[{"href":"https:\/\/plazajuarez.mx\/historico\/wp-json\/wp\/v2\/posts\/48412","targetHints":{"allow":["GET"]}}],"collection":[{"href":"https:\/\/plazajuarez.mx\/historico\/wp-json\/wp\/v2\/posts"}],"about":[{"href":"https:\/\/plazajuarez.mx\/historico\/wp-json\/wp\/v2\/types\/post"}],"author":[{"embeddable":true,"href":"https:\/\/plazajuarez.mx\/historico\/wp-json\/wp\/v2\/users\/93"}],"replies":[{"embeddable":true,"href":"https:\/\/plazajuarez.mx\/historico\/wp-json\/wp\/v2\/comments?post=48412"}],"version-history":[{"count":0,"href":"https:\/\/plazajuarez.mx\/historico\/wp-json\/wp\/v2\/posts\/48412\/revisions"}],"wp:attachment":[{"href":"https:\/\/plazajuarez.mx\/historico\/wp-json\/wp\/v2\/media?parent=48412"}],"wp:term":[{"taxonomy":"category","embeddable":true,"href":"https:\/\/plazajuarez.mx\/historico\/wp-json\/wp\/v2\/categories?post=48412"},{"taxonomy":"post_tag","embeddable":true,"href":"https:\/\/plazajuarez.mx\/historico\/wp-json\/wp\/v2\/tags?post=48412"}],"curies":[{"name":"wp","href":"https:\/\/api.w.org\/{rel}","templated":true}]}}