{"id":48411,"date":"2017-09-27T04:17:57","date_gmt":"2017-09-27T04:17:57","guid":{"rendered":"http:\/\/plazajuarez.mx\/index\/index.php\/2017\/09\/27\/dese-por-enterado-277\/"},"modified":"2020-04-14T19:07:50","modified_gmt":"2020-04-14T19:07:50","slug":"dese-por-enterado-277","status":"publish","type":"post","link":"https:\/\/plazajuarez.mx\/historico\/dese-por-enterado-277\/","title":{"rendered":"DESE POR ENTERADO"},"content":{"rendered":"<p>MIGUEL \u00c1NGEL OSORIO CHONG.- El secretario de Gobernaci\u00f3n fue y es, por su cargo, el responsable de coordinar todos los esfuerzos de las diferentes dependencias (en las que se incluye Sedena y Marina) para la atenci\u00f3n inmediata de la ciudadan\u00eda afectada por el terremoto. Y contra lo que algunos insisten en difundir a trav\u00e9s de las redes sociales, el resultado ha sido satisfactorio, con la reconciliaci\u00f3n de la gente con sus fuerzas armadas. La respuesta del gobierno fue inmediata, y la coordinaci\u00f3n de las tareas puntual. Nadie puede negar que todo este trabajo tuvo su origen en alguien que desde el 19 de septiembre pr\u00e1cticamente no ha pegado el ojo, y ese es el ex gobernador hidalguense. Ahora se afirma que por el compromiso que tiene con su labor dif\u00edcilmente dejar\u00eda la Secretar\u00eda de Gobernaci\u00f3n para ser candidato del PRI a la Presidencia de la Rep\u00fablica. S\u00ed y no. S\u00ed, porque los tiempos que se ten\u00edan previstos para \u201cel destape\u201d se tendr\u00e1n que posponer. No, porque Osorio Chong S\u00cd ser\u00e1 el abanderado del tricolor. Un an\u00e1lisis serio de su actuar en el terremoto, lo coloca ya como candidato presidencial. Y que conste que su trabajo ha sido discreto, alejado de los escenarios y s\u00ed en cambio pegado d\u00eda y noche a la coordinaci\u00f3n de todos los esfuerzos para salir de la emergencia. Ser\u00e1, no lo dude.<\/p>\n<p>  <!--more-->  <\/p>\n<p>\u00a0\u00a0 \u00a0\u00a0\u00a0 \u00a0\u00a0\u00a0 \u00a0\u00a0\u00a0 \u00a0\u00a0\u00a0 \u00a0***<\/p>\n<p>LA INSEGURIDAD EN PACHUCA.- A todos nos preocupa. Porque durante mucho tiempo consideramos a la capital hidalguense, como una ciudad ajena al mal que azota a todo el pa\u00eds. Pero de pronto tuvimos que despertar a la cruda realidad, y el hecho es que los asaltos, robos de autos, e incluso ejecuciones que aunque pocas son una realidad, son algo concreto. No, Pachuca ya no es la misma, y reconocer esa situaci\u00f3n es el principio vital para buscar el remedio. Vivimos durante mucho tiempo con la certeza de la inocencia, pero estar rodeado de Estados con grav\u00edsimos problemas en la materia, nos daba una idea clara de que tarde o temprano empezar\u00edamos a padecer esta vecindad, dicho con todo respeto para los ciudadanos de esas entidades trabajadores y honestos, que por supuesto son una inmensa mayor\u00eda.<\/p>\n<p>\u00a0\u00a0 \u00a0\u00a0\u00a0 \u00a0\u00a0\u00a0 \u00a0\u00a0\u00a0 \u00a0\u00a0\u00a0 \u00a0***<\/p>\n<p>LEONCIO PINEDA GODOS.- El dirigente tricolor en Hidalgo poco a poco ha logrado imponer un estilo personal de ejercer el cargo, cercano a sus militantes. Contrario a lo que se ha rumorado, s\u00ed es un pol\u00edtico joven pero con una gran experiencia en la materia. Las directrices marcadas por el primer pri\u00edsta del estado, Omar Fayad Meneses, han sido cumplidas casi en su totalidad por Pineda Godos, quien es hombre de lealtades e institucional, valores fundamentales en el pri\u00edsmo hidalguenses. Va bien.<\/p>\n<p>\u00a0\u00a0 \u00a0\u00a0\u00a0 \u00a0\u00a0\u00a0 \u00a0\u00a0\u00a0 \u00a0\u00a0\u00a0 \u00a0***<\/p>\n<p>NUEVAS EMPRESAS A LA VISTA.- En breve el gobierno de la entidad anunciar\u00e1 la instalaci\u00f3n de por lo menos tres nuevas empresas en territorio hidalguense, con inversiones millonarias y por supuesto la creaci\u00f3n de muchos empleos. Para quienes ya criticaban y aseguraban que todo hab\u00eda sido flor de un d\u00eda, la noticia que est\u00e1 por darse a conocer les caer\u00e1 como balde de agua fr\u00eda. <\/p>\n<p>\u00a0\u00a0 \u00a0\u00a0\u00a0 \u00a0\u00a0\u00a0 \u00a0\u00a0\u00a0 \u00a0\u00a0\u00a0 \u00a0***<\/p>\n<p>Por hoy, usted puede DARSE POR ENTERADO<br \/>desexenterado@gmail.com<br \/>@desexenterado<\/p>\n","protected":false},"excerpt":{"rendered":"<p>MIGUEL \u00c1NGEL OSORIO CHONG.- El secretario de Gobernaci\u00f3n fue y es, por su cargo, el responsable de coordinar todos los esfuerzos de las diferentes dependencias (en las que se incluye Sedena y Marina) para la atenci\u00f3n inmediata de la ciudadan\u00eda afectada por el terremoto. Y contra lo que algunos insisten en difundir a trav\u00e9s de [&hellip;]<\/p>\n","protected":false},"author":93,"featured_media":0,"comment_status":"open","ping_status":"open","sticky":false,"template":"","format":"standard","meta":{"footnotes":""},"categories":[83,42],"tags":[66],"class_list":["post-48411","post","type-post","status-publish","format-standard","hentry","category-dese-por-enterado","category-nuestrapalabra","tag-dese"],"_links":{"self":[{"href":"https:\/\/plazajuarez.mx\/historico\/wp-json\/wp\/v2\/posts\/48411","targetHints":{"allow":["GET"]}}],"collection":[{"href":"https:\/\/plazajuarez.mx\/historico\/wp-json\/wp\/v2\/posts"}],"about":[{"href":"https:\/\/plazajuarez.mx\/historico\/wp-json\/wp\/v2\/types\/post"}],"author":[{"embeddable":true,"href":"https:\/\/plazajuarez.mx\/historico\/wp-json\/wp\/v2\/users\/93"}],"replies":[{"embeddable":true,"href":"https:\/\/plazajuarez.mx\/historico\/wp-json\/wp\/v2\/comments?post=48411"}],"version-history":[{"count":0,"href":"https:\/\/plazajuarez.mx\/historico\/wp-json\/wp\/v2\/posts\/48411\/revisions"}],"wp:attachment":[{"href":"https:\/\/plazajuarez.mx\/historico\/wp-json\/wp\/v2\/media?parent=48411"}],"wp:term":[{"taxonomy":"category","embeddable":true,"href":"https:\/\/plazajuarez.mx\/historico\/wp-json\/wp\/v2\/categories?post=48411"},{"taxonomy":"post_tag","embeddable":true,"href":"https:\/\/plazajuarez.mx\/historico\/wp-json\/wp\/v2\/tags?post=48411"}],"curies":[{"name":"wp","href":"https:\/\/api.w.org\/{rel}","templated":true}]}}