{"id":48346,"date":"2017-09-26T04:05:27","date_gmt":"2017-09-26T04:05:27","guid":{"rendered":"http:\/\/plazajuarez.mx\/index\/index.php\/2017\/09\/26\/dese-por-enterado-276\/"},"modified":"2020-04-14T19:07:50","modified_gmt":"2020-04-14T19:07:50","slug":"dese-por-enterado-276","status":"publish","type":"post","link":"https:\/\/plazajuarez.mx\/historico\/dese-por-enterado-276\/","title":{"rendered":"DESE POR ENTERADO"},"content":{"rendered":"<p>MUY VIABLE LA ALIANZA \u201cOPOSITORA\u201d.- Acci\u00f3n Nacional ser\u00e1 quien pierda en Hidalgo, de concretarse lo que llaman \u201cAlianza Opositora\u201d, rumbo a los comicios del 2018. Y perder\u00e1 m\u00e1s porque no saben ni en lo que se meten con Jos\u00e9 Guadarrama M\u00e1rquez, due\u00f1o del PRD, y Gerardo Sosa Castel\u00e1n, de Movimiento Ciudadano. En serio. Es como poner a un beb\u00e9 en pa\u00f1ales a convivir con lobos fieros, que lo mismo han militado en el PRI, que han encabezado fieras luchas contra el mismo, pero del que siempre acaban por beneficiarse. As\u00ed que los catrines panistas, ahora que quieren juntarse con la plebe, saldr\u00e1n muy mal parados. \u201cNo saben los alacrancitos que est\u00e1n por echarse encima\u201d. No digan que no les avisamos.<\/p>\n<p>  <!--more-->  <\/p>\n<p>\u00a0\u00a0 \u00a0\u00a0\u00a0 \u00a0\u00a0\u00a0 \u00a0\u00a0\u00a0 \u00a0\u00a0\u00a0 \u00a0***<\/p>\n<p>FRANCISCO ORTEGA S\u00c1NCHEZ.- Se acuerdan de quien durante muchos, pero muchos a\u00f1os fungi\u00f3 como secretario general del Instituto Estatal Electoral de Hidalgo. Pues resulta que luego de no ser ratificado en el cargo, desde marzo de este a\u00f1o ya tiene agrupaci\u00f3n campesina que encabeza de nombre UFIC. Alguna vez presidente del Comit\u00e9 Estatal del PRD, sin embargo ya no es el mismo. Quien fue considerado en su tiempo l\u00edder natural de la izquierda hidalguense, hoy ha perdido el prestigio que lo sigui\u00f3 durante mucho tiempo. Dif\u00edcilmente podr\u00eda hacer algo contra verdaderos caciques que hoy manipulan a su antojo institutos pol\u00edticos en la entidad, supuestamente opci\u00f3n democr\u00e1tica al tricolor. No, no es lo mismo Los Tres Mosqueteros\u2026 que 20 a\u00f1os despu\u00e9s. La cruda realidad.<\/p>\n<p>\u00a0\u00a0 \u00a0\u00a0\u00a0 \u00a0\u00a0\u00a0 \u00a0\u00a0\u00a0 \u00a0\u00a0\u00a0 \u00a0***<\/p>\n<p>\u00bfSER\u00c1 VERDAD TANTA BELLEZA DEL GRUPO PACHUCA?.- \u00bfUsted les cree? Yo no. Sinceramente este viejo truco de anunciar donaciones millonarias para damnificados por fen\u00f3menos naturales en M\u00e9xico, acaparar la atenci\u00f3n y pasar por hijas de la Caridad, para luego hacerse mensos, lo han utilizado hasta el hartazgo los due\u00f1os del Grupo Pachuca, Jes\u00fas Mart\u00ednez y el dichoso profesor de qui\u00e9n sabe qu\u00e9, Andr\u00e9s Fassi. Y sino revisen la prensa, cuando al recibir premio millonario luego de ganar un campeonato en el extranjero, con l\u00e1grimas en los ojos dijeron que todo el dinero ser\u00eda para mexicanos afectados por un hurac\u00e1n. Pasaron los meses y nada. La presi\u00f3n medi\u00e1tica les hizo reaccionar y dijeron que si bien ya no ser\u00eda el dinero, si ser\u00edan refrigeradores. \u00bfY al final saben qu\u00e9 es lo que donaron estos sujetos? Pues ni m\u00e1s ni menos que refrigeradores de la Corona, hieleras pues. Por eso yo no les creo cuando anuncian, de nuevo con toda pompa, que donar\u00e1n seis millones de pesos pero a su propia fundaci\u00f3n para hacer el bien, sin mirar a quien. Yo no les creo, ni hoy, ni nunca.<\/p>\n<p>\u00a0\u00a0 \u00a0\u00a0\u00a0 \u00a0\u00a0\u00a0 \u00a0\u00a0\u00a0 \u00a0\u00a0\u00a0 \u00a0***<\/p>\n<p>PARTIDOS POL\u00cdTICOS SIN DINERO, \u00bfY LUEGO?.- No, como que no saben ni a qu\u00e9 le apuestan los que insisten que de plano lo partidos pol\u00edticos en el pa\u00eds no deben recibir un peso de presupuesto. Porque nos guste o no, ese sistema es el \u00fanico con que contamos para elegir a nuestros gobernantes. Sin dinero la entrada de dinero poco limpio transformar\u00eda a nuestra sociedad en algo similar a lo que un tiempo padeci\u00f3 Colombia. Mejor ni le busquen.<\/p>\n<p>\u00a0\u00a0 \u00a0\u00a0\u00a0 \u00a0\u00a0\u00a0 \u00a0\u00a0\u00a0 \u00a0\u00a0\u00a0 \u00a0***<\/p>\n<p>Por hoy, usted puede DARSE POR ENTERADO<\/p>\n<p>desexenterado@gmail.com<br \/>@desexenterado<\/p>\n<p><\/p>\n","protected":false},"excerpt":{"rendered":"<p>MUY VIABLE LA ALIANZA \u201cOPOSITORA\u201d.- Acci\u00f3n Nacional ser\u00e1 quien pierda en Hidalgo, de concretarse lo que llaman \u201cAlianza Opositora\u201d, rumbo a los comicios del 2018. Y perder\u00e1 m\u00e1s porque no saben ni en lo que se meten con Jos\u00e9 Guadarrama M\u00e1rquez, due\u00f1o del PRD, y Gerardo Sosa Castel\u00e1n, de Movimiento Ciudadano. En serio. Es como [&hellip;]<\/p>\n","protected":false},"author":93,"featured_media":0,"comment_status":"open","ping_status":"open","sticky":false,"template":"","format":"standard","meta":{"footnotes":""},"categories":[83,42],"tags":[66],"class_list":["post-48346","post","type-post","status-publish","format-standard","hentry","category-dese-por-enterado","category-nuestrapalabra","tag-dese"],"_links":{"self":[{"href":"https:\/\/plazajuarez.mx\/historico\/wp-json\/wp\/v2\/posts\/48346","targetHints":{"allow":["GET"]}}],"collection":[{"href":"https:\/\/plazajuarez.mx\/historico\/wp-json\/wp\/v2\/posts"}],"about":[{"href":"https:\/\/plazajuarez.mx\/historico\/wp-json\/wp\/v2\/types\/post"}],"author":[{"embeddable":true,"href":"https:\/\/plazajuarez.mx\/historico\/wp-json\/wp\/v2\/users\/93"}],"replies":[{"embeddable":true,"href":"https:\/\/plazajuarez.mx\/historico\/wp-json\/wp\/v2\/comments?post=48346"}],"version-history":[{"count":0,"href":"https:\/\/plazajuarez.mx\/historico\/wp-json\/wp\/v2\/posts\/48346\/revisions"}],"wp:attachment":[{"href":"https:\/\/plazajuarez.mx\/historico\/wp-json\/wp\/v2\/media?parent=48346"}],"wp:term":[{"taxonomy":"category","embeddable":true,"href":"https:\/\/plazajuarez.mx\/historico\/wp-json\/wp\/v2\/categories?post=48346"},{"taxonomy":"post_tag","embeddable":true,"href":"https:\/\/plazajuarez.mx\/historico\/wp-json\/wp\/v2\/tags?post=48346"}],"curies":[{"name":"wp","href":"https:\/\/api.w.org\/{rel}","templated":true}]}}