{"id":48293,"date":"2017-09-25T04:30:38","date_gmt":"2017-09-25T04:30:38","guid":{"rendered":"http:\/\/plazajuarez.mx\/index\/index.php\/2017\/09\/25\/una-cita-con-el-amor\/"},"modified":"2020-04-14T20:24:44","modified_gmt":"2020-04-14T20:24:44","slug":"una-cita-con-el-amor","status":"publish","type":"post","link":"https:\/\/plazajuarez.mx\/historico\/una-cita-con-el-amor\/","title":{"rendered":"Una cita con el amor"},"content":{"rendered":"<p>DE CUERPO ENTERO<br \/>19 Septiembre 2017<br \/>A Carmelo le pesan los a\u00f1os pero m\u00e1s los recuerdos, estos 32 a\u00f1os han sido de tristeza encadenada, su soledad la mezcla con caminar, pararse en cada esquina y pensar en su esposa que, seguro est\u00e1, goza de cabal salud. Despu\u00e9s de la ceremonia del aniversario del terremoto del 85 se dirige como cada a\u00f1o a los churros \u201cEl moro\u201d, porque sabe que desde ese lugar ve con claridad el lugar donde qued\u00f3 su Marta, ahora existe otro edificio, y mientras moja sus churros con chocolate la nostalgia le invade y sue\u00f1a con caminar tomado de la mano de su mujer.<\/p>\n<p>  <!--more-->  <\/p>\n<p>Carmelo tiene 70 a\u00f1os, y desde que lo jubilaron (porque \u00e9l no quer\u00eda) disfruta de caminar por las calles suntuosas del centro hist\u00f3rico de la ciudad de M\u00e9xico, se embelesa cuando ve la bandera en lo m\u00e1s alto hondeando como si tuviera vida.<br \/>\u00a0\u00a0 \u00a0Vivi\u00f3 en carne viva aquel jueves 19 de septiembre del 1985 despu\u00e9s de las siete de la ma\u00f1ana, cuando la tierra bram\u00f3 como animal herido y sacudi\u00f3 la Ciudad de los Palacios. \u00a0<br \/>\u00a0\u00a0 \u00a0A sus 38 a\u00f1os de edad, Carmelo junto con su esposa Marta eran los encargados de tener siempre limpio un restaurante especializado en desayunos en la antigua avenida San Juan de Letr\u00e1n, hoy eje L\u00e1zaro C\u00e1rdenas, llamado \u201cMi Leche\u201d; entraban antes de las cinco de todos los d\u00edas, para tener listo justamente el chocolate y el pan dispuesto en charolas. Ese d\u00eda Carmelo, por un cuadro gripal y a instancias de su Marta, se qued\u00f3 acostado con la consigna de que llegar\u00eda despu\u00e9s de las ocho, cuando el sol ya hubiera salido.<br \/>\u00a0\u00a0 \u00a0La sacudida fue impresionante, la cara y voz de su Marta aparecieron en su mente, y un mal presagio lo sinti\u00f3 en su alma, corri\u00f3 a su trabajo, solo escombros hab\u00eda de \u201cMi Leche\u201d y fue hasta despu\u00e9s de cuatro d\u00edas que le entregaron el cuerpo de su Marta. <br \/>\u00a0\u00a0 \u00a0Desde entonces, cada 19 de septiembre a las 7.19 de la ma\u00f1ana siempre est\u00e1 presente en la ceremonia que se realiza en el Centro Hist\u00f3rico. Cuando canta el himno nacional siente como si su mujer lo cantara con \u00e9l. Es la fecha que le duele pero que le hace so\u00f1ar, porque imagina que su mujer tambi\u00e9n acude a la ceremonia; nunca tuvieron hijos y despu\u00e9s de 32 a\u00f1os el amor es igual de parejo. Se ha dado cuenta que en el sigilo del anonimato muchos acuden a esta ceremonia de recordar, de a\u00f1orar, y est\u00e1 seguro que tambi\u00e9n perdieron a alguien en ese monstruoso temblor.<br \/>\u00a0\u00a0 \u00a0Hoy martes 19 de septiembre del 2017 como cada a\u00f1o arregl\u00f3 su traje negro desde la noche, y so\u00f1\u00f3 con su Marta, la imagin\u00f3 con su pelo largo y su sonrisa atrapadora \u00a1c\u00f3mo me gustar\u00eda verla!<br \/>\u00a0\u00a0 \u00a0La plancha del z\u00f3calo capitalino pulcra y reci\u00e9n embellecida, esperaba despu\u00e9s de las siete de la ma\u00f1ana las visitas formales y a aquellos que guardan dolores para siempre.<br \/>\u00a0\u00a0 \u00a0Carmelo hoy sab\u00eda que ten\u00eda que ser un d\u00eda diferente, \u00bfy si la volviera a ver me reconocer\u00eda? \u00bfMe amar\u00eda como antes?, sab\u00eda que su vida ser\u00eda siempre para su Marta, que solo se adelant\u00f3 un tiempo.<br \/>\u00a0\u00a0 \u00a0A Carmelo le pesan los a\u00f1os pero m\u00e1s los recuerdos, estos 32 a\u00f1os han sido de tristeza encadenada, su soledad la mezcla con caminar, pararse en cada esquina y pensar en su esposa que, seguro est\u00e1, goza de cabal salud. Despu\u00e9s de la ceremonia del aniversario del terremoto del 85 se dirige como cada a\u00f1o a los churros \u201cEl moro\u201d, porque sabe que desde ese lugar ve con claridad el lugar donde qued\u00f3 su Marta, ahora existe otro edificio, y mientras moja sus churros con chocolate la nostalgia le invade y sue\u00f1a con caminar tomado de la mano de su mujer.<br \/>\u00a0\u00a0 \u00a0Su departamento est\u00e1 en la avenida \u00c1lvaro Obreg\u00f3n de la colonia Roma norte, y despu\u00e9s del medio d\u00eda decidi\u00f3, como cada a\u00f1o, encerrarse en su cuarto para ver nuevamente sus recuerdos plasmados en fotograf\u00edas. <br \/>\u00a0\u00a0 \u00a0Le gusta ver cuando fueron al puerto de Veracruz, o cuando pudieron en un viaje muy pesado visitar la playa de moda en esos a\u00f1os, la de Canc\u00fan; o las fiestas de navidad que sol\u00edan pasarlas con una t\u00eda de Marta, que los recib\u00eda como si fueran sus hijos.<br \/>Son las I3 horas con 14 minutos, teniendo la \u00faltima foto de Marta en sus manos siente como se mueve su cuarto, escucha el crujido de las paredes, y as\u00ed muy suavemente se da cuenta que ha llegado la hora de la cita. Siente la tibieza de las manos de su esposa, y la abraza, se dice, ahora s\u00ed para siempre.<br \/>A Carmelo lo encontraron a los tres d\u00edas con una fotograf\u00eda atrapada entre sus manos.<br \/>\u00a0<\/p>\n","protected":false},"excerpt":{"rendered":"<p>DE CUERPO ENTERO19 Septiembre 2017A Carmelo le pesan los a\u00f1os pero m\u00e1s los recuerdos, estos 32 a\u00f1os han sido de tristeza encadenada, su soledad la mezcla con caminar, pararse en cada esquina y pensar en su esposa que, seguro est\u00e1, goza de cabal salud. Despu\u00e9s de la ceremonia del aniversario del terremoto del 85 se [&hellip;]<\/p>\n","protected":false},"author":93,"featured_media":0,"comment_status":"open","ping_status":"open","sticky":false,"template":"","format":"standard","meta":{"footnotes":""},"categories":[82,42],"tags":[68],"class_list":["post-48293","post","type-post","status-publish","format-standard","hentry","category-dr-antonio-peralta-sanchez","category-nuestrapalabra","tag-doctor-peralta"],"_links":{"self":[{"href":"https:\/\/plazajuarez.mx\/historico\/wp-json\/wp\/v2\/posts\/48293","targetHints":{"allow":["GET"]}}],"collection":[{"href":"https:\/\/plazajuarez.mx\/historico\/wp-json\/wp\/v2\/posts"}],"about":[{"href":"https:\/\/plazajuarez.mx\/historico\/wp-json\/wp\/v2\/types\/post"}],"author":[{"embeddable":true,"href":"https:\/\/plazajuarez.mx\/historico\/wp-json\/wp\/v2\/users\/93"}],"replies":[{"embeddable":true,"href":"https:\/\/plazajuarez.mx\/historico\/wp-json\/wp\/v2\/comments?post=48293"}],"version-history":[{"count":0,"href":"https:\/\/plazajuarez.mx\/historico\/wp-json\/wp\/v2\/posts\/48293\/revisions"}],"wp:attachment":[{"href":"https:\/\/plazajuarez.mx\/historico\/wp-json\/wp\/v2\/media?parent=48293"}],"wp:term":[{"taxonomy":"category","embeddable":true,"href":"https:\/\/plazajuarez.mx\/historico\/wp-json\/wp\/v2\/categories?post=48293"},{"taxonomy":"post_tag","embeddable":true,"href":"https:\/\/plazajuarez.mx\/historico\/wp-json\/wp\/v2\/tags?post=48293"}],"curies":[{"name":"wp","href":"https:\/\/api.w.org\/{rel}","templated":true}]}}