{"id":48217,"date":"2017-09-24T15:05:38","date_gmt":"2017-09-24T15:05:38","guid":{"rendered":"http:\/\/plazajuarez.mx\/index\/index.php\/2017\/09\/24\/relatos-de-vida-16\/"},"modified":"2020-04-14T19:50:16","modified_gmt":"2020-04-14T19:50:16","slug":"relatos-de-vida-16","status":"publish","type":"post","link":"https:\/\/plazajuarez.mx\/historico\/relatos-de-vida-16\/","title":{"rendered":"RELATOS DE VIDA"},"content":{"rendered":"<p>\u00a0<\/p>\n<p>\u00bfUna pesadilla?<\/p>\n<p>Recuerdo brevemente que solo cerr\u00e9 los ojos y me dispuse a descansar, el d\u00eda hab\u00eda resultado totalmente cansado, mi deseo era dormir y descansar pl\u00e1cidamente en mi departamento, y no despertar hasta que la cama me escupiera por tantas horas de haber reposado en ella \u2013 comenz\u00f3 su relato Maribel.<\/p>\n<p>  <!--more-->  <\/p>\n<p>Empezaba a lograr un sue\u00f1o placentero, cuando el sonido del crujir de la vajilla, vasos, cuadros y las repisas, colocadas cuidadosamente, al momento de impactarse con el piso me alertaba de que algo suced\u00eda, mi conciencia me llamaba a levantarme a ver lo que suced\u00eda, pero mi cuerpo se rehusaba, estaba completamente agotado \u2013 continu\u00f3 angustiada.<\/p>\n<p>Los golpes me negaban mi derecho de dormir, exist\u00eda una lucha entre la realidad y la fantas\u00eda, en ese preciso momento no pod\u00eda reconocer en donde me encontraba, iniciando lo que ser\u00eda una pesadilla recreada por mi mente y miedo, o bien era parte de un episodio que en verdad suced\u00eda, pero que tambi\u00e9n ser\u00eda una pesadilla \u2013 prosigui\u00f3 la joven mujer, ya con l\u00e1grimas en los ojos.<\/p>\n<p>Finalmente, el estruendo, los gritos y la ca\u00edda de mi cama por una fuerte sacudida me regres\u00f3 del limbo en el que me encontraba, todo estaba tirado y a\u00fan segu\u00eda temblando; minutos despu\u00e9s el techo cay\u00f3 encima.<\/p>\n<p>-\u00bfRecuerdas lo que pas\u00f3 despu\u00e9s de eso?- Cuestion\u00f3 una voz que parec\u00eda conocida- Seguramente perd\u00ed el conocimiento por varias horas, cuando nuevamente mi mente intentaba ubicarse en la realidad, todo estaba oscuro, comenc\u00e9 a toser, la garganta me ard\u00eda un poco por el polvo de alrededor \u2013 narr\u00f3 haciendo peque\u00f1os espacios.<\/p>\n<p>&#8211; Escuche una serie de crujidos m\u00e1s y en la lejan\u00eda varias voces que ped\u00edan se\u00f1ales de vida, trat\u00e9 de aclarar la vista y logr\u00e9 ver una peque\u00f1a rendija con luz, para mi un rayo de esperanza, como pude liber\u00e9 mi mano y la asom\u00e9 por lo que significaba una oportunidad- manifest\u00f3 Maribel con un tono de alivio.<\/p>\n<p>-Veo una mano, aqu\u00ed hay otra persona- \u00a0alcanc\u00e9 a escuchar entre los escombros, enseguida j\u00fabilo, aplausos y una esperanza desbordada en cada estirar de mis dedos y enseguida la voz de lo que para mi fue un \u00e1ngel -te vamos a sacar, aguanta, ya estamos aqu\u00ed para salvarte.<\/p>\n<p>&#8211; Y cumpl\u00ed mi promesa- interrumpi\u00f3 la voz casi conocida para ella, la de aquel \u00e1ngel que le salv\u00f3 la vida, el rescatista que por m\u00e1s de 24 horas y con apoyo de vecinos y la ciudadan\u00eda, lograron sacarla de entre los escombros, al igual que a 15 personas mas.<\/p>\n","protected":false},"excerpt":{"rendered":"<p>\u00a0 \u00bfUna pesadilla? Recuerdo brevemente que solo cerr\u00e9 los ojos y me dispuse a descansar, el d\u00eda hab\u00eda resultado totalmente cansado, mi deseo era dormir y descansar pl\u00e1cidamente en mi departamento, y no despertar hasta que la cama me escupiera por tantas horas de haber reposado en ella \u2013 comenz\u00f3 su relato Maribel.<\/p>\n","protected":false},"author":73,"featured_media":0,"comment_status":"open","ping_status":"open","sticky":false,"template":"","format":"standard","meta":{"footnotes":""},"categories":[42,85],"tags":[67],"class_list":["post-48217","post","type-post","status-publish","format-standard","hentry","category-nuestrapalabra","category-relatos","tag-relatos"],"_links":{"self":[{"href":"https:\/\/plazajuarez.mx\/historico\/wp-json\/wp\/v2\/posts\/48217","targetHints":{"allow":["GET"]}}],"collection":[{"href":"https:\/\/plazajuarez.mx\/historico\/wp-json\/wp\/v2\/posts"}],"about":[{"href":"https:\/\/plazajuarez.mx\/historico\/wp-json\/wp\/v2\/types\/post"}],"author":[{"embeddable":true,"href":"https:\/\/plazajuarez.mx\/historico\/wp-json\/wp\/v2\/users\/73"}],"replies":[{"embeddable":true,"href":"https:\/\/plazajuarez.mx\/historico\/wp-json\/wp\/v2\/comments?post=48217"}],"version-history":[{"count":0,"href":"https:\/\/plazajuarez.mx\/historico\/wp-json\/wp\/v2\/posts\/48217\/revisions"}],"wp:attachment":[{"href":"https:\/\/plazajuarez.mx\/historico\/wp-json\/wp\/v2\/media?parent=48217"}],"wp:term":[{"taxonomy":"category","embeddable":true,"href":"https:\/\/plazajuarez.mx\/historico\/wp-json\/wp\/v2\/categories?post=48217"},{"taxonomy":"post_tag","embeddable":true,"href":"https:\/\/plazajuarez.mx\/historico\/wp-json\/wp\/v2\/tags?post=48217"}],"curies":[{"name":"wp","href":"https:\/\/api.w.org\/{rel}","templated":true}]}}