{"id":47963,"date":"2017-09-19T14:40:19","date_gmt":"2017-09-19T14:40:19","guid":{"rendered":"http:\/\/plazajuarez.mx\/index\/index.php\/2017\/09\/19\/trump-y-la-asamblea-general-de-la-onu\/"},"modified":"2017-09-19T14:40:19","modified_gmt":"2017-09-19T14:40:19","slug":"trump-y-la-asamblea-general-de-la-onu","status":"publish","type":"post","link":"https:\/\/plazajuarez.mx\/historico\/trump-y-la-asamblea-general-de-la-onu\/","title":{"rendered":"Trump y la Asamblea General de la ONU"},"content":{"rendered":"<p>Como cada a\u00f1o, ha iniciado el septuag\u00e9simo segundo (72\u00ba) per\u00edodo ordinario de sesiones de la Asamblea General de la Organizaci\u00f3n de las Naciones Unidas (ONU), el cual se efectuar\u00e1 del 19 al 25 de septiembre. \u00a0La Asamblea General es el principal \u00f3rgano de deliberaci\u00f3n de la ONU y cada a\u00f1os llegan a su m\u00e1xima tribuna los mandatarios del todo el planeta, quienes exponen sus consideraciones sobre los principales temas que preocupan a la humanidad.<\/p>\n<p>  <!--more-->  <\/p>\n<p>La Asamblea General, fue creada en 1945 de acuerdo a lo establecido en la Carta de la ONU y es el \u00f3rgano m\u00e1ximo de deliberaci\u00f3n, \u201cadopci\u00f3n de pol\u00edticas y representaci\u00f3n\u201d; la cual est\u00e1 conformada por los 193 miembros de la Organizaci\u00f3n \u201cy constituye un foro singular para las deliberaciones multilaterales sobre toda la gama de cuestiones internacionales que abarca la Carta\u201d de la ONU.<\/p>\n<p>En mayo pasado, el ministro de relaciones exteriores de Eslovaquia, Miroslav Laj\u010d\u00e1k, fue elegido presidente del 72\u00b0 per\u00edodo de sesiones de la Asamblea General de la ONU, precisando que trabajar\u00eda para acercar a la organizaci\u00f3n multilateral a los ciudadanos, al se\u00f1alar: \u201cCreo que podemos hacer m\u00e1s para acercar a las Naciones Unidas a los ciudadanos del mundo.\u201d, precis\u00f3. Hoy m\u00e1s que nunca la ONU requiere ser reformada para lograr ese prop\u00f3sito, detener los cr\u00edmenes contra la humanidad y poner fin a los desplazamientos forzados de las comunidades por guerras, diferencias religiosas e ideol\u00f3gicas.<\/p>\n<p>El presidente de los Estados Unidos, Donald Trump, antes que comience el debate general de alto nivel en la Asamblea General de la ONU, ha querido situarse a la cabeza de los l\u00edderes que impulsa las reformas de la organizaci\u00f3n multilateral y ha querido hacer un llamado para iniciar los trabajos para reformarla.<\/p>\n<p>El presidente Donald Trump ayer lunes, por primera vez, hizo su aparici\u00f3n en la ONU y ha pretendido con su presencia, inaugural el 72\u00b0 per\u00edodo de sesiones de la Asamblea General de la ONU. El prop\u00f3sito fue claro, en una intervenci\u00f3n breve, pretendi\u00f3 exponer las l\u00edneas generales de su visi\u00f3n sobre lo que debe ser la ONU, para que el resto de los mandatarios que intervengan en la Asamblea se manifiesten al respecto. Sus cr\u00edticas estuvieron dirigidas a la burocracia y la corrupci\u00f3n dentro de la ONU, exigiendo resultados.<\/p>\n<p>El llamado del presidente Trump a la reforma de la ONU no ha sido bien visto por muchos pa\u00edses, entre ellos Francia, Alemania, Rusia, entre ellos, los cuales han preferido apoyar las reformas iniciadas por el Secretario General de la ONU, Ant\u00f3nio Guterres, quien en su discurso se\u00f1al\u00f3 que \u00e9l estaba trabajando ya en las reformas que requiere la ONU.<\/p>\n<p>Pero el presidente Trump quiz\u00e1 s\u00f3lo ha querido neutralizar el miedo esc\u00e9nico con su primera intervenci\u00f3n en la ONU de ayer lunes, pues hoy martes hablar\u00e1 desde la tribuna de la ONU frente a los Jefes de estado y de Gobierno, o sus representantes, de los 193 pa\u00edses miembros. Su intervenci\u00f3n se realizar\u00e1 en una coyuntura clave, donde los desastres naturales parecen multiplicarse en el mundo, los conflictos armados en Afganist\u00e1n, Iraq y Siria contin\u00faan arrojando refugiados, el conflicto \u00e9tnico y religioso en Birmania con los musulmanes rohiny\u00e1 ha superado la cifra de 380 mil desplazados hacia Bangladesh (el pa\u00eds m\u00e1s pobre del planeta), el conflicto nuclear con Corea del Norte e Ir\u00e1n mantienen al planeta al borde del colapso nuclear y la inseguridad en las capitales occidentales va en aumento con los atentados terroristas del estado Isl\u00e1mico (ISIA).<\/p>\n<p>Hay pues, muchos temas candentes en la mesa donde los pa\u00edses requieren llegar a acuerdos y buscar soluciones conjuntas a los problemas del mundo actual. \u00a0Sin embargo, no deber\u00eda ser el presidente Trump quien le diga a los mandatarios el camino que deben seguir, sino \u00e9stos deber\u00edan reencausar al impredecible Donald Trump para que, en primer lugar, incluya nuevamente a su pa\u00eds en los Acuerdos de pa\u00eds sobre el calentamiento global para frenar las cat\u00e1strofes naturales que ya han costado millones de d\u00f3lares en su pa\u00eds y, en segundo lugar, a buscar una acuerdo para guardar las armas nucleares, las que pueden da\u00f1ar a\u00fan m\u00e1s al planeta.<\/p>\n<p>Este martes, el \u00a0presidente Trump llegar\u00e1 a una Asamblea General de la ONU, donde la mayor\u00eda de sus miembros son sus cr\u00edticos y no lo respaldan. El presidente Trump tendr\u00e1 un d\u00eda dif\u00edcil y es posible que muchos le den la espalda; pues con su lema \u201cAm\u00e9rica es primero\u201d, miles de ciudadanos de otros pa\u00edses que viv\u00edan en los Estados Unidos han sido deportados, mientras que amenaza con poner fin al libre comercio y al multilateralismo, para privilegiar los acuerdos bilaterales.<\/p>\n<p>Hoy sabremos cu\u00e1l es realmente el proyecto de reforma de la ONU que propone el presidente Trump, cuando asuma la palabra en la tribuna de la Asamblea General de la ONU; pero tambi\u00e9n, veremos como los Estados Unidos han comenzado a perder poder en el contexto internacional y ya no son la potencia que fueron, lo cual evidencia el surgimiento del liderazgo de otras potencias como China.<\/p>\n","protected":false},"excerpt":{"rendered":"<p>Como cada a\u00f1o, ha iniciado el septuag\u00e9simo segundo (72\u00ba) per\u00edodo ordinario de sesiones de la Asamblea General de la Organizaci\u00f3n de las Naciones Unidas (ONU), el cual se efectuar\u00e1 del 19 al 25 de septiembre. \u00a0La Asamblea General es el principal \u00f3rgano de deliberaci\u00f3n de la ONU y cada a\u00f1os llegan a su m\u00e1xima tribuna [&hellip;]<\/p>\n","protected":false},"author":93,"featured_media":0,"comment_status":"open","ping_status":"open","sticky":false,"template":"","format":"standard","meta":{"footnotes":""},"categories":[42],"tags":[],"class_list":["post-47963","post","type-post","status-publish","format-standard","hentry","category-nuestrapalabra"],"_links":{"self":[{"href":"https:\/\/plazajuarez.mx\/historico\/wp-json\/wp\/v2\/posts\/47963","targetHints":{"allow":["GET"]}}],"collection":[{"href":"https:\/\/plazajuarez.mx\/historico\/wp-json\/wp\/v2\/posts"}],"about":[{"href":"https:\/\/plazajuarez.mx\/historico\/wp-json\/wp\/v2\/types\/post"}],"author":[{"embeddable":true,"href":"https:\/\/plazajuarez.mx\/historico\/wp-json\/wp\/v2\/users\/93"}],"replies":[{"embeddable":true,"href":"https:\/\/plazajuarez.mx\/historico\/wp-json\/wp\/v2\/comments?post=47963"}],"version-history":[{"count":0,"href":"https:\/\/plazajuarez.mx\/historico\/wp-json\/wp\/v2\/posts\/47963\/revisions"}],"wp:attachment":[{"href":"https:\/\/plazajuarez.mx\/historico\/wp-json\/wp\/v2\/media?parent=47963"}],"wp:term":[{"taxonomy":"category","embeddable":true,"href":"https:\/\/plazajuarez.mx\/historico\/wp-json\/wp\/v2\/categories?post=47963"},{"taxonomy":"post_tag","embeddable":true,"href":"https:\/\/plazajuarez.mx\/historico\/wp-json\/wp\/v2\/tags?post=47963"}],"curies":[{"name":"wp","href":"https:\/\/api.w.org\/{rel}","templated":true}]}}