{"id":47862,"date":"2017-09-17T14:58:31","date_gmt":"2017-09-17T14:58:31","guid":{"rendered":"http:\/\/plazajuarez.mx\/index\/index.php\/2017\/09\/17\/cronica-de-una-patria-olvidada\/"},"modified":"2017-09-17T14:58:31","modified_gmt":"2017-09-17T14:58:31","slug":"cronica-de-una-patria-olvidada","status":"publish","type":"post","link":"https:\/\/plazajuarez.mx\/historico\/cronica-de-una-patria-olvidada\/","title":{"rendered":"Cr\u00f3nica de una Patria Olvidada\u2026"},"content":{"rendered":"<p>\u00bfMexicanos al grito de guerra?, no \u00a1Mexicanos al ritmo de cumbia!<\/p>\n<p>  <!--more-->  <\/p>\n<p>\u00bfY a d\u00f3nde se fue nuestro fervor patrio?, \u00bfacaso ese sentimiento de solidaridad que tanto hemos dicho nos caracteriza a los mexicanos, es solo un mito?; Septiembre, mes de la patria, se diluy\u00f3 entre chalupas, pambazos y tostadas de pata.<\/p>\n<p>Los mexicanos de esta generaci\u00f3n tienen una forma muy distinta para demostrar su nacionalismo, tan distinta que, lo he constatado, ni idea tienen de quienes son los personajes que participaron en la gesta independentista.<\/p>\n<p>La gente abarrot\u00f3 las distintas plazas del pa\u00eds, m\u00e1s que para festejar la gesta heroica, para estar en primera fila y disfrutar el espect\u00e1culo que ofrecieron los distintos grupos musicales que para tal fecha fueron contratados; buscaban los mejores espacios, debidamente aprovisionados de tacos y chalupas, \u00a1ah, y de paso a eso de las 23:00 horas, se acordaron que iban tambi\u00e9n a escuchar la ceremonia del grito!, grito sordo que muri\u00f3 en las gargantas fr\u00edas de muchos de los gobernantes.<\/p>\n<p>Treinta minutos despu\u00e9s, ya estaban impacientes por escuchar a su \u201cgrupo de moda\u201d; solo treinta minutos dur\u00f3 el recuerdo a los verdaderos pr\u00f3ceres de la independencia.<\/p>\n<p>\u00bfMexicanos al grito de guerra?, no \u00a1Mexicanos al ritmo de cumbia!; se dir\u00e1 que as\u00ed somos los mexicanos, que de todo hacemos fiesta, que la muerte nos pela los dientes y tantas y tantas frases m\u00e1s que hemos inventado para justificar nuestra peculiar forma de ser.<\/p>\n<p>Sea lo que sea, lo cierto es que en esta ocasi\u00f3n no vi por ninguna parte ese sentimiento de mexicanidad que nos enaltec\u00eda en esta \u00e9poca; no logro encontrar en qu\u00e9 momento nos perdimos en ese universo de la indolencia; no pude sentir esa vibraci\u00f3n que emanaba de todos nosotros los mexicanos cuando se gritaba el \u00a1Viva M\u00e9xico!.<\/p>\n<p>\u00bfSer\u00e1 que nuestras ra\u00edces nos estrangularon?, ser\u00e1 que el \u201cMade in china\u201d, el \u201challoween\u201d y el \u201cmerry christmas\u201d ya lograron hacer su trabajo?, o seremos nosotros que a fuerza de no ser exigidos terminamos por sentirnos a gusto en nuestra zona de confort?; durmiendo en sue\u00f1os.<\/p>\n<p>Nuestra mexicanidad no naci\u00f3 ni se muri\u00f3 con los temblores, nuestra mexicanidad no debe ser solo de 16 de Septiembre, pues el 15 no tiene nada que ver con el festejo de independencia; nuestra nacionalidad no se demuestra con pintarnos en la mejilla la bandera nacional y traer un sombrero al estilo \u201cSpeedy Gonz\u00e1lez\u201d, nuestra mexicanidad \u00a1debe ser de tiempo completo!, de momento a momento; exigiendo a nuestros representantes gubernamentales pero tambi\u00e9n cumpliendo con la parte que nos corresponde como ciudadanos de a pie.<\/p>\n<p>No debemos olvidarnos que estamos parados en una tierra noble, aunque hoy contaminada por la impunidad como en el caso de los socavones y las elecciones seudo democr\u00e1ticas; nuestro \u00e1nimo creo que tambi\u00e9n est\u00e1 contaminado de apat\u00eda.<\/p>\n<p>\u00a1Viva M\u00e9xico!, pero el M\u00e9xico de todos, no el M\u00e9xico de los que confunden el 5 de Febrero con el 5 de Mayo y lo celebran el 15 de Septiembre, pues est\u00e1n convencidos que el 21 de Marzo solamente se celebra a la Primavera, pero s\u00ed saben que el 4 de Julio es la independencia de Estados Unidos.<\/p>\n<p>Las palabras se las lleva el viento, pero mi pensamiento escrito est\u00e1<\/p>\n","protected":false},"excerpt":{"rendered":"<p>\u00bfMexicanos al grito de guerra?, no \u00a1Mexicanos al ritmo de cumbia!<\/p>\n","protected":false},"author":93,"featured_media":0,"comment_status":"open","ping_status":"open","sticky":false,"template":"","format":"standard","meta":{"footnotes":""},"categories":[42],"tags":[],"class_list":["post-47862","post","type-post","status-publish","format-standard","hentry","category-nuestrapalabra"],"_links":{"self":[{"href":"https:\/\/plazajuarez.mx\/historico\/wp-json\/wp\/v2\/posts\/47862","targetHints":{"allow":["GET"]}}],"collection":[{"href":"https:\/\/plazajuarez.mx\/historico\/wp-json\/wp\/v2\/posts"}],"about":[{"href":"https:\/\/plazajuarez.mx\/historico\/wp-json\/wp\/v2\/types\/post"}],"author":[{"embeddable":true,"href":"https:\/\/plazajuarez.mx\/historico\/wp-json\/wp\/v2\/users\/93"}],"replies":[{"embeddable":true,"href":"https:\/\/plazajuarez.mx\/historico\/wp-json\/wp\/v2\/comments?post=47862"}],"version-history":[{"count":0,"href":"https:\/\/plazajuarez.mx\/historico\/wp-json\/wp\/v2\/posts\/47862\/revisions"}],"wp:attachment":[{"href":"https:\/\/plazajuarez.mx\/historico\/wp-json\/wp\/v2\/media?parent=47862"}],"wp:term":[{"taxonomy":"category","embeddable":true,"href":"https:\/\/plazajuarez.mx\/historico\/wp-json\/wp\/v2\/categories?post=47862"},{"taxonomy":"post_tag","embeddable":true,"href":"https:\/\/plazajuarez.mx\/historico\/wp-json\/wp\/v2\/tags?post=47862"}],"curies":[{"name":"wp","href":"https:\/\/api.w.org\/{rel}","templated":true}]}}