{"id":47574,"date":"2017-09-11T13:25:36","date_gmt":"2017-09-11T13:25:36","guid":{"rendered":"http:\/\/plazajuarez.mx\/index\/index.php\/2017\/09\/11\/los-escritores-se-han-vuelto-burgueses-cesar-aira\/"},"modified":"2017-09-11T13:25:36","modified_gmt":"2017-09-11T13:25:36","slug":"los-escritores-se-han-vuelto-burgueses-cesar-aira","status":"publish","type":"post","link":"https:\/\/plazajuarez.mx\/historico\/los-escritores-se-han-vuelto-burgueses-cesar-aira\/","title":{"rendered":"Los escritores se han vuelto burgueses: C\u00e9sar Aira"},"content":{"rendered":"<p>&#8220;Nada humano me es ajeno&#8221;, dijo C\u00e9sar Aira al final de su charla en el Hay Festival<\/p>\n<p>  <!--more-->  <\/p>\n<p>El narrador que cerr\u00f3 cada intervenci\u00f3n con una sonrisa, una frase ir\u00f3nica o un comentario desenfadado, confirm\u00f3 a trav\u00e9s de sus sentencias por qu\u00e9 es considerado un maestro de la palabra breve y exacta: &#8220;Yo soy un militante de la escritura manuscrita. Para m\u00ed eso es completamente fundamental, no podr\u00eda escribir en una computadora, ser\u00eda como escribir por tel\u00e9fono&#8221;. <br \/>El narrador que se acepta miope, pero ve con m\u00e1s claridad el mundo que muchos otros narradores que no padecen miop\u00eda, asegur\u00f3 que &#8220;lo que se est\u00e1 perdiendo al perderse la escritura manuscrita est\u00e1 haciendo un da\u00f1o inmenso a la humanidad. Pero qu\u00e9 me importa&#8221;. <br \/>Aira escribe todos los d\u00edas, a mano. &#8220;Yo s\u00ed quiero seguir haci\u00e9ndolo y todos los d\u00edas escribo mi paginita o mi p\u00e1gina y media. Me voy a un caf\u00e9 con mi cuadernito y mi lapicera y escribo ah\u00ed un rato, nunca m\u00e1s de una hora o una cosa as\u00ed, eso va entre la bicicleta y la compra del almuerzo&#8221;. <br \/>De escritura, literatura, lecturas y autores habl\u00f3 en su charla con el editor Malcolm Otero; comparti\u00f3 su pasi\u00f3n juvenil por el cine: quer\u00eda verlo todo, comerse el mundo a trav\u00e9s de las pel\u00edculas, por eso dej\u00f3 su pueblo Coronel Pringles para irse a Buenos Aires; habl\u00f3 de esa pasi\u00f3n que ha recuperado en los \u00faltimos a\u00f1os pues se ha vuelto a &#8220;cinefilizar&#8221;. <br \/>Comparti\u00f3 su amistad con Alejandra Pizarnik, su pasi\u00f3n por Jorge Luis Borges y C\u00e9sar Vallejo. &#8220;Borges es la inteligencia clara como el cristal y Vallejo es el misterio&#8221;; comparti\u00f3 sus man\u00edas de escritura, su mec\u00e1nica: parte de una idea rara, la dota de un personaje o una situaci\u00f3n, luego encuentra algo que tenga que ver con \u00e9l pero sin que sea personal, y a partir de all\u00ed las historias fluye. <br \/>Ante decenas de lectores, en su gran mayor\u00eda j\u00f3venes que luego hicieron una larga fila para que les firmara sus libros, C\u00e9sar Aira tambi\u00e9n comparti\u00f3 sus fobias, su distancia con la literatura autobiogr\u00e1fica o del Yo; su desencanto con la narrativa joven a las que les concede la lectura de dos o tres p\u00e1ginas, si no lo atrapan los abandona pues &#8220;la vida es corta y hay que leer a los buenos escritores&#8221;. <br \/>Aira, el autor de &#8220;C\u00f3mo me hice monja&#8221; y &#8220;Entre indios&#8221;, tambi\u00e9n revel\u00f3 sus secretos conocidos por muchos: que le encantan &#8220;Alf&#8221; y &#8220;La Ni\u00f1era&#8221;, dos series &#8220;viejitas&#8221; que ha visto completas tres o cuatro veces. Dijo que hoy los narradores no tienen maestros como \u00e9l tuvo a esa generaci\u00f3n de poetas malditos pues hoy los escritores se han vuelto &#8220;burgueses&#8221;. &#8220;A veces me pregunto c\u00f3mo pueden hacer una vocaci\u00f3n literaria los j\u00f3venes viendo a estos escritores que somos nosotros tan grises y tan normales&#8221;, sentenci\u00f3 el narrador que fue despedido con un aplauso y con el grito de &#8220;genio&#8221;. <br \/>Adi\u00f3s Hay Festival 2017. Cristina Fuentes La Roche, directora del Hay Festival para Am\u00e9rica Latina y el Caribe, dijo que se cumplieron las expectativas en participaci\u00f3n ciudadana. &#8220;Ha sido muy emocionante ver los foros con mucha gente joven pero tambi\u00e9n con mucha gente mayor&#8221;. <br \/>Al hacer el balance de esta octava edici\u00f3n del festival y su segunda edici\u00f3n en Quer\u00e9taro, Fuente La Roche dijo que se ha creado un foro muy diverso donde estuvieron los grandes escritores como C\u00e9sar Aira, N\u00e9lida Pi\u00f1\u00f3n, H\u00e9ctor Abad Faciolince, Hanif Kureishi, pero tambi\u00e9n el di\u00e1logo con los pensadores y cient\u00edficos, con activistas por los derechos humanos y tambi\u00e9n periodistas, como Mark Thompson, presidente de The New York Times, y Jon Lee Anderson.<br \/>Sin embargo, dijo que lo que falta es darle continuidad y solidez a este encuentro. Por lo que celebra que el gobierno municipal de Quer\u00e9taro ya extern\u00f3 su compromiso con la realizaci\u00f3n del Hay Festival 2018, pero les falta empezar a desarrollar actividades de fomento a la lectura y gesti\u00f3n cultural con poblaciones vulnerables de la ciudad, a lo largo de todo el a\u00f1o.<\/p>\n","protected":false},"excerpt":{"rendered":"<p>&#8220;Nada humano me es ajeno&#8221;, dijo C\u00e9sar Aira al final de su charla en el Hay Festival<\/p>\n","protected":false},"author":93,"featured_media":0,"comment_status":"open","ping_status":"open","sticky":false,"template":"","format":"standard","meta":{"footnotes":""},"categories":[41],"tags":[],"class_list":["post-47574","post","type-post","status-publish","format-standard","hentry","category-arteria-cultural"],"_links":{"self":[{"href":"https:\/\/plazajuarez.mx\/historico\/wp-json\/wp\/v2\/posts\/47574","targetHints":{"allow":["GET"]}}],"collection":[{"href":"https:\/\/plazajuarez.mx\/historico\/wp-json\/wp\/v2\/posts"}],"about":[{"href":"https:\/\/plazajuarez.mx\/historico\/wp-json\/wp\/v2\/types\/post"}],"author":[{"embeddable":true,"href":"https:\/\/plazajuarez.mx\/historico\/wp-json\/wp\/v2\/users\/93"}],"replies":[{"embeddable":true,"href":"https:\/\/plazajuarez.mx\/historico\/wp-json\/wp\/v2\/comments?post=47574"}],"version-history":[{"count":0,"href":"https:\/\/plazajuarez.mx\/historico\/wp-json\/wp\/v2\/posts\/47574\/revisions"}],"wp:attachment":[{"href":"https:\/\/plazajuarez.mx\/historico\/wp-json\/wp\/v2\/media?parent=47574"}],"wp:term":[{"taxonomy":"category","embeddable":true,"href":"https:\/\/plazajuarez.mx\/historico\/wp-json\/wp\/v2\/categories?post=47574"},{"taxonomy":"post_tag","embeddable":true,"href":"https:\/\/plazajuarez.mx\/historico\/wp-json\/wp\/v2\/tags?post=47574"}],"curies":[{"name":"wp","href":"https:\/\/api.w.org\/{rel}","templated":true}]}}