{"id":47475,"date":"2017-09-08T13:04:29","date_gmt":"2017-09-08T13:04:29","guid":{"rendered":"http:\/\/plazajuarez.mx\/index\/index.php\/2017\/09\/08\/retratos-hablados-449\/"},"modified":"2017-09-08T13:04:29","modified_gmt":"2017-09-08T13:04:29","slug":"retratos-hablados-449","status":"publish","type":"post","link":"https:\/\/plazajuarez.mx\/historico\/retratos-hablados-449\/","title":{"rendered":"RETRATOS HABLADOS"},"content":{"rendered":"<p>\u00a0\u00a0\u00a0 \u2022\u00a0\u00a0 \u00a0En \u201cbola\u201d es m\u00e1s f\u00e1cil olvidar ideolog\u00edas\u2028<\/p>\n<p>  <!--more-->  <\/p>\n<p>Cuando dos estudiantes del nivel primaria de plano ya no se soportaban, siempre uno tomaba la iniciativa de acudir al banco donde estaba el futuro contrincante para preguntarle caballerosamente: \u201c\u00bfun tiro a la salida?\u201d. Se trataba de un reto que el otro estaba en libertad de aceptar o no, con la certeza de que rehuir le acarrear\u00eda por adelantado la verg\u00fcenza. De tal modo que cada quien con su porra acud\u00eda al lote bald\u00edo que siempre exist\u00eda en las afueras de la escuela, donde se tund\u00edan a golpes hasta la nariz sangrara y alguien terminara por separarlos.<br \/>\u00a0\u00a0 \u00a0Y contrario a lo que muchos pensaran, el que sal\u00eda victorioso de ninguna manera entend\u00eda que a partir de ese instante estaba en libertad de \u201ctraer de bajada\u201d al que hab\u00eda vencido ni mucho menos. Resultaba que la pelea generaba un sentido respeto entre los dos gladiadores.<br \/>\u00a0\u00a0 \u00a0La pelea era siempre de uno contra uno, porque cuando cualquiera de los contrincantes llamaba a sus cuates para echarle bola al otro, era un claro signo de cobard\u00eda y abuso.<br \/>\u00a0\u00a0 \u00a0Pues resulta que de un tiempo a esta parte, como dijera el cl\u00e1sico, no hay elecci\u00f3n en el estado que no se traduzca en la producci\u00f3n masiva de alianzas entre partidos pol\u00edticos que nada tienen en com\u00fan, como no sea la ambici\u00f3n del poder, de quitar a uno para ponerse ellos sin ning\u00fan proyecto, sin alternativas de ning\u00fan tipo.<br \/>\u00a0\u00a0 \u00a0As\u00ed hemos visto ir juntos al PRD con el PAN, es decir a supuestos representantes del obrero, del campesino, con las encarnaciones de los catrines y terratenientes. Me refiero al asunto ideol\u00f3gico que se supone sustenta el proceder de los dos institutos pol\u00edticos.<br \/>\u00a0\u00a0 \u00a0Y ahora resulta que de buenas a primeras tambi\u00e9n les da por querer hacer un Frente Amplio \u201copositor\u201d, en el que ya se apunt\u00f3 la franquicia adquirida por el l\u00edder del Grupo Universidad, Gerardo Sosa Castel\u00e1n, con su Movimiento Ciudadano.<br \/>\u00a0\u00a0 \u00a0Vaya pues, una mezcla que no tiene pies ni cabeza, pero que resulta atractiva para quienes buscan ir en bola para pegarle a quien se les ponga enfrente.<br \/>\u00a0\u00a0 \u00a0Y ante todo esto, la ciudadan\u00eda ya no entiende, o entiende que el ejercicio de la pol\u00edtica cada vez resulta ser m\u00e1s despreciable, porque est\u00e1 hecha por l\u00edderes en el mismo tenor, con una franca ignorancia en esos terrenos, y una ambici\u00f3n que no tiene l\u00edmites.<br \/>\u00a0\u00a0 \u00a0Mil gracias, hasta el pr\u00f3ximo lunes.<br \/>jeperalta@plazajuarez.mx\/historico\/historico<br \/>@JavierEPeralta<\/p>\n<p>CITA:<br \/>Y ante todo esto, la ciudadan\u00eda ya no entiende, o entiende que el ejercicio de la pol\u00edtica cada vez resulta ser m\u00e1s despreciable, porque est\u00e1 hecha por l\u00edderes en el mismo tenor, con una franca ignorancia en esos terrenos, y una ambici\u00f3n que no tiene l\u00edmites.<br \/>\u00a0\u00a0 \u00a0 <\/p>\n","protected":false},"excerpt":{"rendered":"<p>\u00a0\u00a0\u00a0 \u2022\u00a0\u00a0 \u00a0En \u201cbola\u201d es m\u00e1s f\u00e1cil olvidar ideolog\u00edas\u2028<\/p>\n","protected":false},"author":93,"featured_media":0,"comment_status":"open","ping_status":"open","sticky":false,"template":"","format":"standard","meta":{"footnotes":""},"categories":[42],"tags":[],"class_list":["post-47475","post","type-post","status-publish","format-standard","hentry","category-nuestrapalabra"],"_links":{"self":[{"href":"https:\/\/plazajuarez.mx\/historico\/wp-json\/wp\/v2\/posts\/47475","targetHints":{"allow":["GET"]}}],"collection":[{"href":"https:\/\/plazajuarez.mx\/historico\/wp-json\/wp\/v2\/posts"}],"about":[{"href":"https:\/\/plazajuarez.mx\/historico\/wp-json\/wp\/v2\/types\/post"}],"author":[{"embeddable":true,"href":"https:\/\/plazajuarez.mx\/historico\/wp-json\/wp\/v2\/users\/93"}],"replies":[{"embeddable":true,"href":"https:\/\/plazajuarez.mx\/historico\/wp-json\/wp\/v2\/comments?post=47475"}],"version-history":[{"count":0,"href":"https:\/\/plazajuarez.mx\/historico\/wp-json\/wp\/v2\/posts\/47475\/revisions"}],"wp:attachment":[{"href":"https:\/\/plazajuarez.mx\/historico\/wp-json\/wp\/v2\/media?parent=47475"}],"wp:term":[{"taxonomy":"category","embeddable":true,"href":"https:\/\/plazajuarez.mx\/historico\/wp-json\/wp\/v2\/categories?post=47475"},{"taxonomy":"post_tag","embeddable":true,"href":"https:\/\/plazajuarez.mx\/historico\/wp-json\/wp\/v2\/tags?post=47475"}],"curies":[{"name":"wp","href":"https:\/\/api.w.org\/{rel}","templated":true}]}}