{"id":47473,"date":"2017-09-08T13:04:24","date_gmt":"2017-09-08T13:04:24","guid":{"rendered":"http:\/\/plazajuarez.mx\/index\/index.php\/2017\/09\/08\/dese-por-enterado-268\/"},"modified":"2020-04-14T19:07:53","modified_gmt":"2020-04-14T19:07:53","slug":"dese-por-enterado-268","status":"publish","type":"post","link":"https:\/\/plazajuarez.mx\/historico\/dese-por-enterado-268\/","title":{"rendered":"DESE POR ENTERADO"},"content":{"rendered":"<p>ASAEL HERN\u00c1NDEZ.- El dirigente de Acci\u00f3n Nacional en el estado se vol\u00f3 la barda. Dijo que la forma en que el gobernador Fayad rindi\u00f3 su informe, fue \u201cinesperada e inoportuna\u201d. Y las razones que dio para sostener su dicho, de plano que caen en el absurdo, como que por ejemplo no le dieron oportunidad de estar presente. Ser\u00eda prudente que el evento se repitiera, nadam\u00e1s para que el preclaro y cult\u00edsimo Asael nos ilumine con su sapiencia. De plano.<\/p>\n<p>  <!--more-->  <\/p>\n<p>\u00a0\u00a0 \u00a0\u00a0\u00a0 \u00a0\u00a0\u00a0 \u00a0\u00a0\u00a0 \u00a0\u00a0\u00a0 \u00a0***<br \/>MAR\u00cdA LUISA P\u00c9REZ PERUSQU\u00cdA.- Para nadie pas\u00f3 desapercibida la presencia de la legisladora y presidenta de la Junta de Gobierno del Congreso del Estado, en el evento en que se renov\u00f3 el Comit\u00e9 de Movimiento Territorial del PRI. Y es que m\u00e1s de uno de los asistentes decidi\u00f3 que el \u201cfiu, fiuuuu\u201d, era la \u00fanica forma de rendirle homenaje a la belleza de la diputada tricolor. Su presencia siempre resulta halagadora, a lo que se suma d\u00eda con d\u00eda un conocimiento cierto de su labor. Pues nos sumamos al cl\u00e1sico chiflido, pero por supuesto con sentido respeto.<br \/>\u00a0\u00a0 \u00a0\u00a0\u00a0 \u00a0\u00a0\u00a0 \u00a0\u00a0\u00a0 \u00a0\u00a0\u00a0 \u00a0***<br \/>ASESINATO EN PACHUCA.- Un estudiante de medicina fue v\u00edctima de la delincuencia en la capital del estado, al ser asaltado en la colonia Santa Julia por un delincuente que pretend\u00eda robarle su auto. Al oponerse recibi\u00f3 un balazo que le quit\u00f3 la vida. Y es que problemas de este tipo empiezan a presentarse con preocupante regularidad, en tanto la alcaldesa, Yolanda Teller\u00eda, insiste en no ponerse de acuerdo con la Secretar\u00eda de Seguridad del Estado, en un af\u00e1n de notoriedad o sepa Dios qu\u00e9 ser\u00e1. Lo sucedido no puede, no debe repetirse, y mucho menos nosotros acostumbrarnos a noticias de este tipo.<br \/>\u00a0\u00a0 \u00a0\u00a0\u00a0 \u00a0\u00a0\u00a0 \u00a0\u00a0\u00a0 \u00a0\u00a0\u00a0 \u00a0***<br \/>\u00bfPOR QU\u00c9 DEJ\u00d3 SLIM A LOS TUZOS?.- No fue porque Jes\u00fas Mart\u00ednez y su contlapache Fassi, resultaran unas almas de la caridad. Ya empieza a salir la verdad y resulta que el hombre m\u00e1s rico del pa\u00eds no quiere ver pero ni en pintura a este d\u00fao din\u00e1mico, y jura que ha sido una de las peores apuestas la que hizo por este par de malandrines. Que si los ve ni los saludar\u00e1, porque una cosa es ser un empresario con ambici\u00f3n, y otra este par de abusivos. As\u00ed se dice.<br \/>\u00a0\u00a0 \u00a0\u00a0\u00a0 \u00a0\u00a0\u00a0 \u00a0\u00a0\u00a0 \u00a0\u00a0\u00a0 \u00a0***<br \/>Por esta semana usted puede DARSE POR ENTERADO<br \/>desexenterado@gmail.com<br \/>@desexenterado<\/p>\n","protected":false},"excerpt":{"rendered":"<p>ASAEL HERN\u00c1NDEZ.- El dirigente de Acci\u00f3n Nacional en el estado se vol\u00f3 la barda. Dijo que la forma en que el gobernador Fayad rindi\u00f3 su informe, fue \u201cinesperada e inoportuna\u201d. Y las razones que dio para sostener su dicho, de plano que caen en el absurdo, como que por ejemplo no le dieron oportunidad de [&hellip;]<\/p>\n","protected":false},"author":93,"featured_media":0,"comment_status":"open","ping_status":"open","sticky":false,"template":"","format":"standard","meta":{"footnotes":""},"categories":[83,42],"tags":[66],"class_list":["post-47473","post","type-post","status-publish","format-standard","hentry","category-dese-por-enterado","category-nuestrapalabra","tag-dese"],"_links":{"self":[{"href":"https:\/\/plazajuarez.mx\/historico\/wp-json\/wp\/v2\/posts\/47473","targetHints":{"allow":["GET"]}}],"collection":[{"href":"https:\/\/plazajuarez.mx\/historico\/wp-json\/wp\/v2\/posts"}],"about":[{"href":"https:\/\/plazajuarez.mx\/historico\/wp-json\/wp\/v2\/types\/post"}],"author":[{"embeddable":true,"href":"https:\/\/plazajuarez.mx\/historico\/wp-json\/wp\/v2\/users\/93"}],"replies":[{"embeddable":true,"href":"https:\/\/plazajuarez.mx\/historico\/wp-json\/wp\/v2\/comments?post=47473"}],"version-history":[{"count":0,"href":"https:\/\/plazajuarez.mx\/historico\/wp-json\/wp\/v2\/posts\/47473\/revisions"}],"wp:attachment":[{"href":"https:\/\/plazajuarez.mx\/historico\/wp-json\/wp\/v2\/media?parent=47473"}],"wp:term":[{"taxonomy":"category","embeddable":true,"href":"https:\/\/plazajuarez.mx\/historico\/wp-json\/wp\/v2\/categories?post=47473"},{"taxonomy":"post_tag","embeddable":true,"href":"https:\/\/plazajuarez.mx\/historico\/wp-json\/wp\/v2\/tags?post=47473"}],"curies":[{"name":"wp","href":"https:\/\/api.w.org\/{rel}","templated":true}]}}