{"id":47424,"date":"2017-09-07T15:59:37","date_gmt":"2017-09-07T15:59:37","guid":{"rendered":"http:\/\/plazajuarez.mx\/index\/index.php\/2017\/09\/07\/negociadores-del-frente-ciudadano\/"},"modified":"2017-09-07T15:59:37","modified_gmt":"2017-09-07T15:59:37","slug":"negociadores-del-frente-ciudadano","status":"publish","type":"post","link":"https:\/\/plazajuarez.mx\/historico\/negociadores-del-frente-ciudadano\/","title":{"rendered":"Negociadores del Frente Ciudadano"},"content":{"rendered":"<p>Bajo Reserva Expr\u00e9s<\/p>\n<p>  <!--more-->  <\/p>\n<p>Nos dicen que despu\u00e9s de oficializar el Frente Ciudadano por M\u00e9xico, el PRD a cargo de Alejandra Barrales est\u00e1 por designar a sus negociadores en los estados, para entablar comunicaciones con l\u00edderes del PAN y de MC y definir las candidaturas en municipios y congresos estatales.<br \/>Los negociadores para los cargos federales y las gubernaturas en los estados ser\u00e1n las mismas dirigencias nacionales de los tres partidos que buscan alianzas.<br \/>Al mismo tiempo, arranca la disputa por los cargos, nos hacen ver.<\/p>\n","protected":false},"excerpt":{"rendered":"<p>Bajo Reserva Expr\u00e9s<\/p>\n","protected":false},"author":93,"featured_media":0,"comment_status":"open","ping_status":"open","sticky":false,"template":"","format":"standard","meta":{"footnotes":""},"categories":[42],"tags":[],"class_list":["post-47424","post","type-post","status-publish","format-standard","hentry","category-nuestrapalabra"],"_links":{"self":[{"href":"https:\/\/plazajuarez.mx\/historico\/wp-json\/wp\/v2\/posts\/47424","targetHints":{"allow":["GET"]}}],"collection":[{"href":"https:\/\/plazajuarez.mx\/historico\/wp-json\/wp\/v2\/posts"}],"about":[{"href":"https:\/\/plazajuarez.mx\/historico\/wp-json\/wp\/v2\/types\/post"}],"author":[{"embeddable":true,"href":"https:\/\/plazajuarez.mx\/historico\/wp-json\/wp\/v2\/users\/93"}],"replies":[{"embeddable":true,"href":"https:\/\/plazajuarez.mx\/historico\/wp-json\/wp\/v2\/comments?post=47424"}],"version-history":[{"count":0,"href":"https:\/\/plazajuarez.mx\/historico\/wp-json\/wp\/v2\/posts\/47424\/revisions"}],"wp:attachment":[{"href":"https:\/\/plazajuarez.mx\/historico\/wp-json\/wp\/v2\/media?parent=47424"}],"wp:term":[{"taxonomy":"category","embeddable":true,"href":"https:\/\/plazajuarez.mx\/historico\/wp-json\/wp\/v2\/categories?post=47424"},{"taxonomy":"post_tag","embeddable":true,"href":"https:\/\/plazajuarez.mx\/historico\/wp-json\/wp\/v2\/tags?post=47424"}],"curies":[{"name":"wp","href":"https:\/\/api.w.org\/{rel}","templated":true}]}}