{"id":47422,"date":"2017-09-07T15:58:40","date_gmt":"2017-09-07T15:58:40","guid":{"rendered":"http:\/\/plazajuarez.mx\/index\/index.php\/2017\/09\/07\/atacan-el-cancer\/"},"modified":"2017-09-07T15:58:40","modified_gmt":"2017-09-07T15:58:40","slug":"atacan-el-cancer","status":"publish","type":"post","link":"https:\/\/plazajuarez.mx\/historico\/atacan-el-cancer\/","title":{"rendered":"Atacan el c\u00e1ncer"},"content":{"rendered":"<p>Vida<br \/>La anemia es muy com\u00fan en pacientes que reciben quimioterapias; hay nuevos tratamientos<\/p>\n<p>  <!--more-->  <\/p>\n<p>Una de las enfermedades que m\u00e1s temida en el mundo es el c\u00e1ncer, el ataque de los diferentes tipos del mal causan la unos ocho millones de muertes cada a\u00f1o y es la mayor causa de fallecimiento en el mundo.<br \/>Este letal padecimiento azota M\u00e9xico, donde se descubren unos 160 mil nuevos casos anualmente y unos 80 mil fallecimientos por su causa.<br \/>En defensa de la vida. La ciencia ha dado la pelea contra el c\u00e1ncer con distintos tratamientos, la quimioterapia es sin duda una de las opciones m\u00e9dicas m\u00e1s importantes para controlar la enfermedad.<br \/>Pero esta efectiva terapia tiene efectos adversos, reacciones que llegan a hacer dif\u00edcil que los enfermos la toleran, tambi\u00e9n dificultan que la gente siga el tratamiento. Los problemas colaterales son tantos que hay quienes, a pesar de que la aplicaci\u00f3n es necesaria, dejan de aplic\u00e1rsela.<br \/>Las molestias m\u00e1s frecuentes que se encuentran ligadas a la quimioterapia son cansancio, v\u00f3mito, n\u00e1usea, debilidad, dolores musculares, p\u00e9rdida de cabello, baja de gl\u00f3bulos blancos, anemia y trastornos alimenticios.<br \/>La anemia es com\u00fan en los pacientes con c\u00e1ncer y puede ser provocada por la quimioterapia y ocurre en 9 de cada 10 pacientes y 7 su prevalencia es m\u00e1s frecuente en mujeres en un 52% comparado a un 42% en hombres.<br \/>Escudo cient\u00edfico. El doctor C\u00e9sar Trujillo, gerente m\u00e9dico de la divisi\u00f3n de Oncolog\u00eda de TEVA M\u00e9xico, explica que &#8220;brindar un tratamiento a la anemia inducida por quimioterapia es fundamental para mejorar la calidad de vida de los pacientes con c\u00e1ncer y reducir la morbilidad&#8221;.<br \/>Esta batalla es constante y hay un &#8220;segundo de tres tratamientos innovadores de un portafolio consolidado de medicamentos oncol\u00f3gicos de TEVA que cumple la visi\u00f3n de la compa\u00f1\u00eda&#8221;, afirma.<br \/>El laboratorio tiene una medicina para tratar la anemia inducida por la quimioterapia en con c\u00e1ncer, llamada epoetin theta o eritropoyetina theta.<\/p>\n","protected":false},"excerpt":{"rendered":"<p>VidaLa anemia es muy com\u00fan en pacientes que reciben quimioterapias; hay nuevos tratamientos<\/p>\n","protected":false},"author":93,"featured_media":0,"comment_status":"open","ping_status":"open","sticky":false,"template":"","format":"standard","meta":{"footnotes":""},"categories":[42],"tags":[],"class_list":["post-47422","post","type-post","status-publish","format-standard","hentry","category-nuestrapalabra"],"_links":{"self":[{"href":"https:\/\/plazajuarez.mx\/historico\/wp-json\/wp\/v2\/posts\/47422","targetHints":{"allow":["GET"]}}],"collection":[{"href":"https:\/\/plazajuarez.mx\/historico\/wp-json\/wp\/v2\/posts"}],"about":[{"href":"https:\/\/plazajuarez.mx\/historico\/wp-json\/wp\/v2\/types\/post"}],"author":[{"embeddable":true,"href":"https:\/\/plazajuarez.mx\/historico\/wp-json\/wp\/v2\/users\/93"}],"replies":[{"embeddable":true,"href":"https:\/\/plazajuarez.mx\/historico\/wp-json\/wp\/v2\/comments?post=47422"}],"version-history":[{"count":0,"href":"https:\/\/plazajuarez.mx\/historico\/wp-json\/wp\/v2\/posts\/47422\/revisions"}],"wp:attachment":[{"href":"https:\/\/plazajuarez.mx\/historico\/wp-json\/wp\/v2\/media?parent=47422"}],"wp:term":[{"taxonomy":"category","embeddable":true,"href":"https:\/\/plazajuarez.mx\/historico\/wp-json\/wp\/v2\/categories?post=47422"},{"taxonomy":"post_tag","embeddable":true,"href":"https:\/\/plazajuarez.mx\/historico\/wp-json\/wp\/v2\/tags?post=47422"}],"curies":[{"name":"wp","href":"https:\/\/api.w.org\/{rel}","templated":true}]}}