{"id":47406,"date":"2017-09-07T13:39:59","date_gmt":"2017-09-07T13:39:59","guid":{"rendered":"http:\/\/plazajuarez.mx\/index\/index.php\/2017\/09\/07\/nuevas-rutas-que-exponen-a-migrantes\/"},"modified":"2017-09-07T13:39:59","modified_gmt":"2017-09-07T13:39:59","slug":"nuevas-rutas-que-exponen-a-migrantes","status":"publish","type":"post","link":"https:\/\/plazajuarez.mx\/historico\/nuevas-rutas-que-exponen-a-migrantes\/","title":{"rendered":"NUEVAS RUTAS QUE EXPONEN A MIGRANTES"},"content":{"rendered":"<p>CIUDAD DE M\u00c9XICO<\/p>\n<p>CNDH expres\u00f3 su preocupaci\u00f3n porque las autoridades migratorias contin\u00faan deteniendo a menores de edad<\/p>\n<p>  <!--more-->  <\/p>\n<p>M\u00e9xico increment\u00f3 los operativos migratorios en la frontera sur, lo que provoc\u00f3 nuevas rutas de tr\u00e1nsito que expone a los migrantes a ser v\u00edctimas de secuestro y extorsi\u00f3n, sostuvo el presidente de la Comisi\u00f3n Nacional de los Derechos Humanos, Luis Ra\u00fal Gonz\u00e1lez P\u00e9rez, ante el Comit\u00e9 de Naciones Unidas.<br \/>\u00a0Al presentar el Informe Ejecutivo de la Comisi\u00f3n Nacional de los Derechos, el \u00f3mbudsman nacional dijo que a m\u00e1s de tres a\u00f1os de la creaci\u00f3n jur\u00eddica de las procuradur\u00edas de protecci\u00f3n de la ni\u00f1ez, el gobierno mexicano no las ha dotado con estructuras, personal y financiamiento necesario, por lo que no han cumplido con su obligaci\u00f3n de representarlos jur\u00eddicamente.<br \/>\u00a0Ante el Comit\u00e9 de los Derechos de Todos los Trabajadores Migratorios y sus Familiares de Naciones Unidas, en Ginebra, Suiza, el presidente de la CNDH expres\u00f3 su preocupaci\u00f3n porque las autoridades migratorias contin\u00faan deteniendo a menores de edad, &#8220;lo que va en contra del est\u00e1ndar m\u00ednimo de protecci\u00f3n nacional e internacional de sus derechos, quedando expuestos a las condiciones no id\u00f3neas de los centros migratorios y, lo que es peor, a no ser canalizados a los albergues p\u00fablicos o privados&#8221;.<br \/>\u00a0Muchos de esos menores de edad se ven obligados a huir teniendo la necesidad de solicitar protecci\u00f3n internacional; sin embargo, la autoridad mexicana les ha otorgado esa protecci\u00f3n en un porcentaje m\u00ednimo, 0.2 y 0.3 % en 2015 y 2016, respectivamente.<br \/>\u00a0Explic\u00f3 que en el \u00faltimo decenio aument\u00f3 en un 700% respecto de los 2,869 que fueron retornados a su pa\u00eds de origen en el a\u00f1o 2010.<br \/>\u00a0Coment\u00f3 que la CNDH contin\u00faa recibiendo quejas por extorsi\u00f3n contra esos servidores p\u00fablicos del Instituto Nacional de Migraci\u00f3n (INM), as\u00ed como tambi\u00e9n ha comprobado en sus visitas regulares a esas instalaciones la persistencia de hacinamiento y sobrepoblaci\u00f3n.<\/p>\n","protected":false},"excerpt":{"rendered":"<p>CIUDAD DE M\u00c9XICO CNDH expres\u00f3 su preocupaci\u00f3n porque las autoridades migratorias contin\u00faan deteniendo a menores de edad<\/p>\n","protected":false},"author":93,"featured_media":0,"comment_status":"open","ping_status":"open","sticky":false,"template":"","format":"standard","meta":{"footnotes":""},"categories":[37],"tags":[],"class_list":["post-47406","post","type-post","status-publish","format-standard","hentry","category-barandilla"],"_links":{"self":[{"href":"https:\/\/plazajuarez.mx\/historico\/wp-json\/wp\/v2\/posts\/47406","targetHints":{"allow":["GET"]}}],"collection":[{"href":"https:\/\/plazajuarez.mx\/historico\/wp-json\/wp\/v2\/posts"}],"about":[{"href":"https:\/\/plazajuarez.mx\/historico\/wp-json\/wp\/v2\/types\/post"}],"author":[{"embeddable":true,"href":"https:\/\/plazajuarez.mx\/historico\/wp-json\/wp\/v2\/users\/93"}],"replies":[{"embeddable":true,"href":"https:\/\/plazajuarez.mx\/historico\/wp-json\/wp\/v2\/comments?post=47406"}],"version-history":[{"count":0,"href":"https:\/\/plazajuarez.mx\/historico\/wp-json\/wp\/v2\/posts\/47406\/revisions"}],"wp:attachment":[{"href":"https:\/\/plazajuarez.mx\/historico\/wp-json\/wp\/v2\/media?parent=47406"}],"wp:term":[{"taxonomy":"category","embeddable":true,"href":"https:\/\/plazajuarez.mx\/historico\/wp-json\/wp\/v2\/categories?post=47406"},{"taxonomy":"post_tag","embeddable":true,"href":"https:\/\/plazajuarez.mx\/historico\/wp-json\/wp\/v2\/tags?post=47406"}],"curies":[{"name":"wp","href":"https:\/\/api.w.org\/{rel}","templated":true}]}}